{"id":111040,"date":"2021-02-11T05:35:01","date_gmt":"2021-02-11T10:35:01","guid":{"rendered":"https:\/\/linitiative.ca\/International\/reunion-de-demarrage-de-la-mise-a-niveau-de-12-centres-de-communes\/"},"modified":"2021-02-11T05:35:01","modified_gmt":"2021-02-11T10:35:01","slug":"reunion-de-demarrage-de-la-mise-a-niveau-de-12-centres-de-communes","status":"publish","type":"post","link":"https:\/\/linitiative.ca\/International\/reunion-de-demarrage-de-la-mise-a-niveau-de-12-centres-de-communes\/","title":{"rendered":"R\u00e9union de d\u00e9marrage de la mise \u00e0 niveau de 12 centres de Communes"},"content":{"rendered":"<div readability=\"36\">\n<p>Essaouira \u2013 Une r\u00e9union consacr\u00e9e au d\u00e9marrage du programme de mise \u00e0 niveau de 12 centres des collectivit\u00e9s territoriales relevant de la province d\u2019Essaouira a \u00e9t\u00e9 tenue, mercredi, au si\u00e8ge de la pr\u00e9fecture.<\/p>\n<\/div>\n<div readability=\"116\">\n<p>Pr\u00e9sid\u00e9e par le gouverneur de la province, M. Adil El Maliki, cette rencontre s\u2019est d\u00e9roul\u00e9e notamment en pr\u00e9sence des pr\u00e9sidents des 12 communes concern\u00e9es par ce programme d\u2019envergure, du Directeur provincial de l\u2019Habitat et de la politique de la ville, du chef de l\u2019Agence Al Omrane, ainsi que des repr\u00e9sentants des entreprises et des bureaux d\u2019\u00e9tudes charg\u00e9s du suivi de l\u2019ex\u00e9cution des travaux dudit programme d\u2019une dur\u00e9e de six mois.<\/p>\n<p>D\u2019une valeur globale de 58 millions de DH (MDH), avec une contribution du D\u00e9partement de l\u2019Habitat et de la politique de la ville \u00e0 hauteur de 49.760.000 DH et des communes concern\u00e9es (8.240.000 DH), les conventions relatives audit Programme de mise \u00e0 niveau ciblent 12 Collectivit\u00e9s Territoriales, soit 18.659 m\u00e9nages au total.<\/p>\n<p>Il s\u2019agit des Communes de Timzguida Ouftass (999 m\u00e9nages), Tamanar (2.373), Sidi Ahmed Oumbarek (1.212), Imgrad (1.257), Aglif (1.620), Imi N\u2019tlit (1.479), Sidi Ishak (1.935), A\u00eft Aissi Ihahane (836), Akermoud (3.155), Tafdna (1.113), Moulay Bouzerktoune (1.267) et de Zaouiat Ben Hmida\/centre Birkouate (1.413 m\u00e9nages).<\/p>\n<p>La mise en \u0153uvre de ce programme ambitieux s\u2019inscrit dans le cadre des actions et des efforts men\u00e9s dans l\u2019optique de la r\u00e9duction des disparit\u00e9s spatiales, de la satisfaction des aspirations de la population locale et de la r\u00e9alisation du d\u00e9veloppement socio-\u00e9conomique et territorial escompt\u00e9, selon une approche participative et int\u00e9gr\u00e9e.<\/p>\n<p>Dans une d\u00e9claration \u00e0 la MAP, le Directeur provincial de l\u2019Habitat et de la politique de la ville \u00e0 Essaouira, M. Ahmed Bousset, a soulign\u00e9 l\u2019importance de ce programme qui a pour principale finalit\u00e9 d\u2019am\u00e9liorer les conditions de vie de la population dans ces Centres, \u00e0 m\u00eame de les \u00e9riger en des espaces tr\u00e8s attractifs aux investissements et aux activit\u00e9s g\u00e9n\u00e9ratrices de richesses et de valeur ajout\u00e9e au niveau de la province.<\/p>\n<p>Il a rappel\u00e9 qu\u2019il s\u2019agit du 2\u00e8me programme de mise \u00e0 niveau des Centres des collectivit\u00e9s territoriales relevant de la province apr\u00e8s celui ayant cibl\u00e9 6 autres Communes (2018-2019) o\u00f9 les travaux ont \u00e9t\u00e9 achev\u00e9s, avec pour ambition d\u2019avoir une incidence positive sur les conditions de vie des citoyens, notamment en termes d\u2019am\u00e9lioration des infrastructures et d\u2019acc\u00e8s aux services de base.<\/p>\n<p>Lors de cette r\u00e9union, le gouverneur de la province d\u2019Essaouira a insist\u00e9 sur l\u2019imp\u00e9ratif du respect des d\u00e9lais impartis pour l\u2019ex\u00e9cution optimale des conventions relatives \u00e0 ce Programme de mise \u00e0 niveau, a pr\u00e9cis\u00e9 le responsable, faisant savoir que les entreprises concern\u00e9es vont entamer, d\u00e8s la semaine prochaine, l\u2019installation de leurs chantiers pour le d\u00e9marrage des travaux.<\/p>\n<p>M. Bousset a, en outre, affirm\u00e9 que le D\u00e9partement de l\u2019Habitat et de la politique de la ville ne cesse d\u2019accorder une attention tr\u00e8s particuli\u00e8re au d\u00e9veloppement des Centres \u00e9mergents ou \u00e0 caract\u00e8re rural, ajoutant que d\u2019autres programmes similaires seront mis en \u0153uvre, \u00e0 l\u2019avenir, en vue de couvrir l\u2019ensemble des Communes relevant du ressort territorial de la province d\u2019Essaouira.<\/p>\n<p>De telles interventions auront, sans nul doute, un impact ind\u00e9niable sur les habitants de la province et contribueront \u00e0 attirer davantage d\u2019investissements, \u00e0 favoriser la s\u00e9dentarisation de la population dans ces Centres et \u00e0 lutter contre l\u2019exode rural, l\u2019objectif principal \u00e9tant de r\u00e9pondre aux aspirations et aux attentes des citoyens et d\u2019aboutir au d\u00e9veloppement territorial int\u00e9gr\u00e9 et durable souhait\u00e9, a-t-il conclu.<\/p>\n<\/div>\n<p>Auteur: Meriem IGASS<br \/>\n<a href=\"http:\/\/www.mapmarrakech.ma\/fr\/reunion-de-demarrage-de-la-mise-a-niveau-de-12-centres-de-communes\/\">Cliquez ici pour lire l&rsquo;article depuis sa source.<\/a><\/p>\n","protected":false},"excerpt":{"rendered":"<p>Essaouira \u2013 Une r\u00e9union consacr\u00e9e au d\u00e9marrage du programme de mise \u00e0 niveau de 12 centres des collectivit\u00e9s territoriales relevant de la province d\u2019Essaouira a \u00e9t\u00e9 tenue, mercredi, au si\u00e8ge de la pr\u00e9fecture. Pr\u00e9sid\u00e9e par le gouverneur de la province, M. Adil El Maliki, cette rencontre s\u2019est d\u00e9roul\u00e9e notamment en pr\u00e9sence des pr\u00e9sidents des 12 [&hellip;]<\/p>\n","protected":false},"author":1788,"featured_media":0,"comment_status":"closed","ping_status":"closed","sticky":false,"template":"","format":"standard","meta":{"fifu_image_url":"","fifu_image_alt":"","footnotes":""},"categories":[54,76],"tags":[],"class_list":["post-111040","post","type-post","status-publish","format-standard","hentry","category-maroc","category-regions"],"_links":{"self":[{"href":"https:\/\/linitiative.ca\/International\/wp-json\/wp\/v2\/posts\/111040","targetHints":{"allow":["GET"]}}],"collection":[{"href":"https:\/\/linitiative.ca\/International\/wp-json\/wp\/v2\/posts"}],"about":[{"href":"https:\/\/linitiative.ca\/International\/wp-json\/wp\/v2\/types\/post"}],"author":[{"embeddable":true,"href":"https:\/\/linitiative.ca\/International\/wp-json\/wp\/v2\/users\/1788"}],"replies":[{"embeddable":true,"href":"https:\/\/linitiative.ca\/International\/wp-json\/wp\/v2\/comments?post=111040"}],"version-history":[{"count":0,"href":"https:\/\/linitiative.ca\/International\/wp-json\/wp\/v2\/posts\/111040\/revisions"}],"wp:attachment":[{"href":"https:\/\/linitiative.ca\/International\/wp-json\/wp\/v2\/media?parent=111040"}],"wp:term":[{"taxonomy":"category","embeddable":true,"href":"https:\/\/linitiative.ca\/International\/wp-json\/wp\/v2\/categories?post=111040"},{"taxonomy":"post_tag","embeddable":true,"href":"https:\/\/linitiative.ca\/International\/wp-json\/wp\/v2\/tags?post=111040"}],"curies":[{"name":"wp","href":"https:\/\/api.w.org\/{rel}","templated":true}]}}