{"id":111041,"date":"2021-02-11T05:42:15","date_gmt":"2021-02-11T10:42:15","guid":{"rendered":"https:\/\/linitiative.ca\/International\/ouverture-dun-consulat-honoraire-de-hongrie-a-marrakech\/"},"modified":"2021-02-11T05:42:15","modified_gmt":"2021-02-11T10:42:15","slug":"ouverture-dun-consulat-honoraire-de-hongrie-a-marrakech","status":"publish","type":"post","link":"https:\/\/linitiative.ca\/International\/ouverture-dun-consulat-honoraire-de-hongrie-a-marrakech\/","title":{"rendered":"Ouverture d\u2019un Consulat honoraire de Hongrie \u00e0 Marrakech"},"content":{"rendered":"<p><iframe loading=\"lazy\" width=\"1170\" height=\"658\" src=\"https:\/\/www.youtube.com\/embed\/7xFL6LD6Rqs?feature=oembed\" frameborder=\"0\" allow=\"accelerometer; autoplay; clipboard-write; encrypted-media; gyroscope; picture-in-picture\" allowfullscreen=\"\">[embedded content]<\/iframe><\/p>\n<div class=\"post-header-inner\">\n<div class=\"post-header-title\">\n<p>\n\t\t\t\t<span class=\"time\"><time class=\"post-published updated\" datetime=\"2021-02-11T11:42:15+00:00\"><b><b> 11 f\u00e9vrier 2021  <\/b> <\/b><\/time><\/span>\n\t\t\t<\/p>\n<\/p><\/div>\n<\/p><\/div>\n<div class=\"single-post-excerpt post-excerpt-bc\" readability=\"34\">\n<p>Un nouveau Consulat honoraire de Hongrie a \u00e9t\u00e9 inaugur\u00e9 mardi \u00e0 Marrakech, constituant ainsi un nouveau jalon dans la consolidation des liens d\u2019amiti\u00e9 et de coop\u00e9ration entre les deux pays.<\/p>\n<\/div>\n<p>Auteur: Meriem IGASS<br \/>\n<a href=\"http:\/\/www.mapmarrakech.ma\/fr\/ouverture-dun-consulat-honoraire-de-hongrie-a-marrakech-2\/\">Cliquez ici pour lire l&rsquo;article depuis sa source.<\/a><\/p>\n","protected":false},"excerpt":{"rendered":"<p>[embedded content] 11 f\u00e9vrier 2021 Un nouveau Consulat honoraire de Hongrie a \u00e9t\u00e9 inaugur\u00e9 mardi \u00e0 Marrakech, constituant ainsi un nouveau jalon dans la consolidation des liens d\u2019amiti\u00e9 et de coop\u00e9ration entre les deux pays. Auteur: Meriem IGASS Cliquez ici pour lire l&rsquo;article depuis sa source.<\/p>\n","protected":false},"author":1788,"featured_media":0,"comment_status":"closed","ping_status":"closed","sticky":false,"template":"","format":"standard","meta":{"fifu_image_url":"","fifu_image_alt":"","footnotes":""},"categories":[54,76],"tags":[],"class_list":["post-111041","post","type-post","status-publish","format-standard","hentry","category-maroc","category-regions"],"_links":{"self":[{"href":"https:\/\/linitiative.ca\/International\/wp-json\/wp\/v2\/posts\/111041","targetHints":{"allow":["GET"]}}],"collection":[{"href":"https:\/\/linitiative.ca\/International\/wp-json\/wp\/v2\/posts"}],"about":[{"href":"https:\/\/linitiative.ca\/International\/wp-json\/wp\/v2\/types\/post"}],"author":[{"embeddable":true,"href":"https:\/\/linitiative.ca\/International\/wp-json\/wp\/v2\/users\/1788"}],"replies":[{"embeddable":true,"href":"https:\/\/linitiative.ca\/International\/wp-json\/wp\/v2\/comments?post=111041"}],"version-history":[{"count":0,"href":"https:\/\/linitiative.ca\/International\/wp-json\/wp\/v2\/posts\/111041\/revisions"}],"wp:attachment":[{"href":"https:\/\/linitiative.ca\/International\/wp-json\/wp\/v2\/media?parent=111041"}],"wp:term":[{"taxonomy":"category","embeddable":true,"href":"https:\/\/linitiative.ca\/International\/wp-json\/wp\/v2\/categories?post=111041"},{"taxonomy":"post_tag","embeddable":true,"href":"https:\/\/linitiative.ca\/International\/wp-json\/wp\/v2\/tags?post=111041"}],"curies":[{"name":"wp","href":"https:\/\/api.w.org\/{rel}","templated":true}]}}