{"id":111042,"date":"2021-02-11T10:09:55","date_gmt":"2021-02-11T15:09:55","guid":{"rendered":"https:\/\/linitiative.ca\/International\/le-conseil-communal-tient-sa-session-ordinaire-du-mois-de-fevrier\/"},"modified":"2021-02-11T10:09:55","modified_gmt":"2021-02-11T15:09:55","slug":"le-conseil-communal-tient-sa-session-ordinaire-du-mois-de-fevrier","status":"publish","type":"post","link":"https:\/\/linitiative.ca\/International\/le-conseil-communal-tient-sa-session-ordinaire-du-mois-de-fevrier\/","title":{"rendered":"Le Conseil communal tient sa session ordinaire du mois de f\u00e9vrier"},"content":{"rendered":"<div readability=\"37\">\n<p>Essaouira \u2013 Le Conseil communal d\u2019Essaouira a tenu, r\u00e9cemment, sa session ordinaire au titre du mois de f\u00e9vrier, consacr\u00e9e \u00e0 l\u2019examen et \u00e0 l\u2019adoption de plusieurs points inscrits \u00e0 l\u2019ordre du jour.<\/p>\n<\/div>\n<div readability=\"82\">\n<p>Lors de cette session, pr\u00e9sid\u00e9e par M. Hicham Jebbari, pr\u00e9sident de cette instance \u00e9lue, les membres du conseil ont approuv\u00e9 la convention de partenariat conclue entre la commune d\u2019Essaouira et l\u2019Agence nationale pour le d\u00e9veloppement des zones oasiennes et de l\u2019arganier (ANDZOA) relative \u00e0 la r\u00e9servation au profit de ladite commune d\u2019une ambulance pour le transport des bless\u00e9s et des malades.<\/p>\n<p>Le conseil a aussi adopt\u00e9 la convention de partenariat entre la commune et l\u2019ANDZOA pr\u00e9voyant de consacrer une ambulance pour pompes fun\u00e8bres musulmanes, ainsi que le projet d\u2019une convention de jumelage entre la ville d\u2019Essaouira et celle de Suzhou en Chine.<\/p>\n<p>Il a, en outre, donn\u00e9 son aval pour le transfert de cr\u00e9dits des chapitres du budget de l\u2019\u00e9quipement au titre de l\u2019exercice financier 2021, ainsi que le projet du cahier des charges relatif \u00e0 l\u2019exploitation des parkings dans la ville.<\/p>\n<p>L\u2019instance \u00e9lue a, par ailleurs, approuv\u00e9 le projet du cahier des charges relatif \u00e0 la vente des voitures, des camions, des motocyclettes, des engins et des autres objets saisis et plac\u00e9s \u00e0 la fourri\u00e8re communale ainsi que du mat\u00e9riel communal r\u00e9form\u00e9.<\/p>\n<p>Elle a aussi valid\u00e9 les demandes pr\u00e9sent\u00e9es par des op\u00e9rateurs de t\u00e9l\u00e9communications pour l\u2019installation de pyl\u00f4nes en vue du renforcement du r\u00e9seau de t\u00e9l\u00e9phonie mobile.<\/p>\n<p>Les membres du conseil ont, d\u2019autre part, approuv\u00e9 le point concernant la renonciation au droit de bail de certains locaux de commerce et \u00e0 usage d\u2019habitation, ainsi que celui ayant trait \u00e0 la prolongation de l\u2019application de l\u2019arr\u00eat\u00e9 du conseil communal relatif \u00e0 la fixation du montant du loyer en cas de renonciation au droit de bail des locaux de commerce relevant de la commune au profit d\u2019autrui.<\/p>\n<p>Ils ont aussi adopt\u00e9 la d\u00e9cision de baptiser la principale avenue \u00e0 El Ghazoua du nom de feu \u00ab\u00a0Miloud Cha\u00e2bi\u00a0\u00bb.<\/p>\n<p>Les travaux de cette session, qui s\u2019est d\u00e9roul\u00e9e dans le strict respect des mesures pr\u00e9ventives en vigueur pour contenir la propagation de la Covid-19, ont \u00e9t\u00e9 ponctu\u00e9s de la pr\u00e9sentation au conseil du proc\u00e8s verbal des sessions ordinaire d\u2019octobre 2020 et extraordinaire de janvier 2021, tout en informant l\u2019instance \u00e9lue de la cr\u00e9ation du conseil municipal des enfants, dont les membres ont assist\u00e9 \u00e0 cette r\u00e9union.<\/p>\n<\/div>\n<p>Auteur: Meriem IGASS<br \/>\n<a href=\"http:\/\/www.mapmarrakech.ma\/fr\/le-conseil-communal-tient-sa-session-ordinaire-au-titre-du-mois-de-fevrier\/\">Cliquez ici pour lire l&rsquo;article depuis sa source.<\/a><\/p>\n","protected":false},"excerpt":{"rendered":"<p>Essaouira \u2013 Le Conseil communal d\u2019Essaouira a tenu, r\u00e9cemment, sa session ordinaire au titre du mois de f\u00e9vrier, consacr\u00e9e \u00e0 l\u2019examen et \u00e0 l\u2019adoption de plusieurs points inscrits \u00e0 l\u2019ordre du jour. Lors de cette session, pr\u00e9sid\u00e9e par M. Hicham Jebbari, pr\u00e9sident de cette instance \u00e9lue, les membres du conseil ont approuv\u00e9 la convention de [&hellip;]<\/p>\n","protected":false},"author":1788,"featured_media":0,"comment_status":"closed","ping_status":"closed","sticky":false,"template":"","format":"standard","meta":{"fifu_image_url":"","fifu_image_alt":"","footnotes":""},"categories":[54,76],"tags":[],"class_list":["post-111042","post","type-post","status-publish","format-standard","hentry","category-maroc","category-regions"],"_links":{"self":[{"href":"https:\/\/linitiative.ca\/International\/wp-json\/wp\/v2\/posts\/111042","targetHints":{"allow":["GET"]}}],"collection":[{"href":"https:\/\/linitiative.ca\/International\/wp-json\/wp\/v2\/posts"}],"about":[{"href":"https:\/\/linitiative.ca\/International\/wp-json\/wp\/v2\/types\/post"}],"author":[{"embeddable":true,"href":"https:\/\/linitiative.ca\/International\/wp-json\/wp\/v2\/users\/1788"}],"replies":[{"embeddable":true,"href":"https:\/\/linitiative.ca\/International\/wp-json\/wp\/v2\/comments?post=111042"}],"version-history":[{"count":0,"href":"https:\/\/linitiative.ca\/International\/wp-json\/wp\/v2\/posts\/111042\/revisions"}],"wp:attachment":[{"href":"https:\/\/linitiative.ca\/International\/wp-json\/wp\/v2\/media?parent=111042"}],"wp:term":[{"taxonomy":"category","embeddable":true,"href":"https:\/\/linitiative.ca\/International\/wp-json\/wp\/v2\/categories?post=111042"},{"taxonomy":"post_tag","embeddable":true,"href":"https:\/\/linitiative.ca\/International\/wp-json\/wp\/v2\/tags?post=111042"}],"curies":[{"name":"wp","href":"https:\/\/api.w.org\/{rel}","templated":true}]}}