{"id":111043,"date":"2021-02-11T10:16:12","date_gmt":"2021-02-11T15:16:12","guid":{"rendered":"https:\/\/linitiative.ca\/International\/rencontre-a-la-faculte-des-lettres-sur-le-systeme-du-bachelor\/"},"modified":"2021-02-11T10:16:12","modified_gmt":"2021-02-11T15:16:12","slug":"rencontre-a-la-faculte-des-lettres-sur-le-systeme-du-bachelor","status":"publish","type":"post","link":"https:\/\/linitiative.ca\/International\/rencontre-a-la-faculte-des-lettres-sur-le-systeme-du-bachelor\/","title":{"rendered":"Rencontre \u00e0 la facult\u00e9 des lettres sur le syst\u00e8me du Bachelor"},"content":{"rendered":"<div readability=\"39\">\n<p>Marrakech \u2013 La Facult\u00e9 des Lettres et des Sciences Humaines relevant de l\u2019Universit\u00e9 Cadi Ayyad (UCA) de Marrakech a organis\u00e9, mercredi, une rencontre sur le syst\u00e8me du Bachelor et ce, dans le cadre de la mise en application de la r\u00e9forme p\u00e9dagogique des universit\u00e9s, et dans l\u2019optique d\u2019assurer l\u2019ad\u00e9quation de la formation avec les exigences du march\u00e9 du travail.<\/p>\n<\/div>\n<div readability=\"92\">\n<p>Cette rencontre qui s\u2019est d\u00e9roul\u00e9e en pr\u00e9sence notamment, du doyen de la Facult\u00e9 des Lettres et des Sciences Humaines, M. Abderrahim Benali et du corps p\u00e9dagogique et administratif de ladite facult\u00e9, avait pour objectif d\u2019informer les professeurs sur ce nouveau mod\u00e8le qui s\u2019\u00e9tale sur quatre ann\u00e9es d\u2019\u00e9tude, les m\u00e9canismes de son application, ainsi que sur ses avantages pour les \u00e9tudiants.<\/p>\n<p>A cette occasion, M. Benali a fait une pr\u00e9sentation exhaustive, occasion de mettre l\u2019accent sur les objectifs de ce syst\u00e8me universitaire, notamment l\u2019augmentation du rendement de l\u2019universit\u00e9 en termes de taux de diplomation, l\u2019am\u00e9lioration de l\u2019employabilit\u00e9 des \u00e9tudiants, le renforcement de leur mobilit\u00e9 internationale et l\u2019encouragement de leur ouverture et ind\u00e9pendance.<\/p>\n<p>\u00c0 cet \u00e9gard, le Doyen a mis en exergue les d\u00e9veloppements les plus saillants de ce syst\u00e8me, tels que l\u2019adoption d\u2019une premi\u00e8re ann\u00e9e fondamentale (tronc commun), la mise en place d\u2019un syst\u00e8me d\u2019orientation actif, le renforcement des connaissances linguistiques et des acquis personnels (soft skills).<\/p>\n<p>Dans une d\u00e9claration \u00e0 la MAP, M. Benali a relev\u00e9 que le syst\u00e8me Bachelor a pour objectif d\u2019augmenter la diplomation et ce, dans l\u2019optique de r\u00e9duire le d\u00e9crochage universitaire au niveau de la Facult\u00e9 des Lettres et des Sciences humaines de Marrakech, qui accueille annuellement 6.000 \u00e9tudiants, alors que seulement 3.000 \u00e9tudiants obtiennent une licence au bout de 3 ans.<\/p>\n<p>Selon le Doyen, le nouveau syst\u00e8me d\u2019enseignement ouvre des horizons prometteurs aux \u00e9tudiants en offrant une formation solide et ouverte sur de nouveaux champs de connaissances (la culture g\u00e9n\u00e9rale, les valeurs, en plus des mati\u00e8res fondamentales), \u00e0 m\u00eame de mieux les qualifier pour int\u00e9grer des universit\u00e9s \u00e9trang\u00e8res ou le march\u00e9 de travail.<\/p>\n<p>Cette rencontre qui s\u2019inscrit dans le cadre des journ\u00e9es portes ouvertes sur le syst\u00e8me du Bachelor, organis\u00e9es du 4 au 11 f\u00e9vrier, sous le slogan \u00ab\u00a0innovation, ouverture et ad\u00e9quation\u00a0\u00bb, cadre parfaitement avec la d\u00e9marche participative de l\u2019Universit\u00e9 Cadi Ayyad (UCA) pour l\u2019application du nouveau mod\u00e8le universitaire du Bachelor.<\/p>\n<p>Cette semaine a \u00e9t\u00e9 une occasion pour \u00e9changer avec les professeurs et les \u00e9tudiants de la Facult\u00e9 sur ce syst\u00e8me universitaire \u00e0 travers la formation de comit\u00e9s au niveau des huit fili\u00e8res que compte la facult\u00e9, puis organiser des rencontres avec les comit\u00e9s d\u2019autres Facult\u00e9s pour pr\u00e9senter de nouveaux projets visant \u00e0 d\u00e9velopper ce nouveau syst\u00e8me et \u00e0 offrir de bonnes conditions de travail aux \u00e9tudiants.<\/p>\n<\/div>\n<p>Auteur: Meriem IGASS<br \/>\n<a href=\"http:\/\/www.mapmarrakech.ma\/fr\/rencontre-a-la-faculte-des-lettres-sur-le-systeme-du-bachelor\/\">Cliquez ici pour lire l&rsquo;article depuis sa source.<\/a><\/p>\n","protected":false},"excerpt":{"rendered":"<p>Marrakech \u2013 La Facult\u00e9 des Lettres et des Sciences Humaines relevant de l\u2019Universit\u00e9 Cadi Ayyad (UCA) de Marrakech a organis\u00e9, mercredi, une rencontre sur le syst\u00e8me du Bachelor et ce, dans le cadre de la mise en application de la r\u00e9forme p\u00e9dagogique des universit\u00e9s, et dans l\u2019optique d\u2019assurer l\u2019ad\u00e9quation de la formation avec les exigences [&hellip;]<\/p>\n","protected":false},"author":1788,"featured_media":0,"comment_status":"closed","ping_status":"closed","sticky":false,"template":"","format":"standard","meta":{"fifu_image_url":"","fifu_image_alt":"","footnotes":""},"categories":[54,76],"tags":[],"class_list":["post-111043","post","type-post","status-publish","format-standard","hentry","category-maroc","category-regions"],"_links":{"self":[{"href":"https:\/\/linitiative.ca\/International\/wp-json\/wp\/v2\/posts\/111043","targetHints":{"allow":["GET"]}}],"collection":[{"href":"https:\/\/linitiative.ca\/International\/wp-json\/wp\/v2\/posts"}],"about":[{"href":"https:\/\/linitiative.ca\/International\/wp-json\/wp\/v2\/types\/post"}],"author":[{"embeddable":true,"href":"https:\/\/linitiative.ca\/International\/wp-json\/wp\/v2\/users\/1788"}],"replies":[{"embeddable":true,"href":"https:\/\/linitiative.ca\/International\/wp-json\/wp\/v2\/comments?post=111043"}],"version-history":[{"count":0,"href":"https:\/\/linitiative.ca\/International\/wp-json\/wp\/v2\/posts\/111043\/revisions"}],"wp:attachment":[{"href":"https:\/\/linitiative.ca\/International\/wp-json\/wp\/v2\/media?parent=111043"}],"wp:term":[{"taxonomy":"category","embeddable":true,"href":"https:\/\/linitiative.ca\/International\/wp-json\/wp\/v2\/categories?post=111043"},{"taxonomy":"post_tag","embeddable":true,"href":"https:\/\/linitiative.ca\/International\/wp-json\/wp\/v2\/tags?post=111043"}],"curies":[{"name":"wp","href":"https:\/\/api.w.org\/{rel}","templated":true}]}}