{"id":111044,"date":"2021-02-10T16:59:49","date_gmt":"2021-02-10T21:59:49","guid":{"rendered":"https:\/\/linitiative.ca\/International\/la-chambre-des-representants-soucieuse-dinteragir-avec-les-questions-de-societe\/"},"modified":"2021-02-10T16:59:49","modified_gmt":"2021-02-10T21:59:49","slug":"la-chambre-des-representants-soucieuse-dinteragir-avec-les-questions-de-societe","status":"publish","type":"post","link":"https:\/\/linitiative.ca\/International\/la-chambre-des-representants-soucieuse-dinteragir-avec-les-questions-de-societe\/","title":{"rendered":"La Chambre des repr\u00e9sentants soucieuse d\u2019interagir avec les questions de soci\u00e9t\u00e9"},"content":{"rendered":"<p class=\"c4\">La Chambre des repr\u00e9sentants a \u00e9t\u00e9 anim\u00e9e de la volont\u00e9 d\u2019interagir avec les grandes questions de soci\u00e9t\u00e9 durant la session d\u2019octobre de l\u2019ann\u00e9e l\u00e9gislative 2020-2021, a affirm\u00e9, mercredi \u00e0 Rabat, son pr\u00e9sident, Habib El Malki.<\/p>\n<p class=\"c4\">Sur les quatre s\u00e9ances de politique g\u00e9n\u00e9rale, deux ont \u00e9t\u00e9 consacr\u00e9es \u00e0 la question nationale, sous l\u2019angle du d\u00e9veloppement des provinces sahariennes et du r\u00f4le de la diplomatie dans la d\u00e9fense de l\u2019int\u00e9grit\u00e9 territoriale, a pr\u00e9cis\u00e9 M. El Malki\u00a0lors d\u2019une s\u00e9ance pl\u00e9ni\u00e8re de cl\u00f4ture de la session parlementaire.<\/p>\n<p class=\"c4\">Les interventions pr\u00e9sent\u00e9es et le d\u00e9bat qui a eu lieu \u00e0 cette occasion ont mis en valeur l\u2019unanimit\u00e9 nationale qui pr\u00e9vaut sur la question de l\u2019int\u00e9grit\u00e9 territoriale et la mobilisation derri\u00e8re Sa Majest\u00e9 le Roi Mohammed VI pour consolider les acquis r\u00e9alis\u00e9s, a soulign\u00e9 le pr\u00e9sident de la premi\u00e8re chambre du parlement.<\/p>\n<p class=\"c4\">Il a, en outre, relev\u00e9 que les 13 s\u00e9ances des questions orales tenues au cours de la session ont \u00e9t\u00e9 ax\u00e9es sur les mesures prises dans nombre de secteurs vitaux, pour endiguer les retomb\u00e9es de la pand\u00e9mie sur les activit\u00e9s \u00e9conomiques et les services sociaux.<\/p>\n<p class=\"c4\">Les questions orales ont \u00e9t\u00e9 l\u2019occasion d\u2019un dialogue franc, constructif et critique entre les pouvoirs l\u00e9gislatif et ex\u00e9cutif sur la gestion et la gouvernance de 15 secteurs, avec des recommandations qualitatives sur les moyens d\u2019am\u00e9liorer la performance des prestations aux citoyens.<\/p>\n<p class=\"c4\">Au niveau l\u00e9gislatif, M. El Malki a qualifi\u00e9 le bilan des travaux de \u00ab\u00a0qualitatif\u00a0\u00bb, relevant que malgr\u00e9 le d\u00e9lai important accord\u00e9 \u00e0 la discussion et au vote du projet de loi de finance, la Chambre des repr\u00e9sentants a pu approuver, lors de cette session, des textes de qualit\u00e9, notamment le projet de loi 76-20 portant cr\u00e9ation du Fonds Mohammed VI pour l\u2019investissement.<\/p>\n<p class=\"c4\">De m\u00eame, l\u2019institution l\u00e9gislative a approuv\u00e9 d\u2019importants projets de lois portant sur la sc\u00e8ne intellectuelle et culturelle, tels que le projet de loi N\u00b074.19 relatif \u00e0 la r\u00e9organisation de l\u2019Acad\u00e9mie du Royaume du Maroc, le projet de loi 55.20 modifiant et compl\u00e9tant la loi 01.90 portant institution de la Fondation nationale des mus\u00e9es (FNM), ou encore le projet de loi 56.20 relatif aux mus\u00e9es, a indiqu\u00e9 le responsable l\u00e9gislatif, pr\u00e9cisant que la Chambre aura ainsi approuv\u00e9 35 projet de loi au titre de cette session parlementaire.<\/p>\n<p class=\"c4\">Par ailleurs, deux s\u00e9ances ont \u00e9t\u00e9 accord\u00e9es pour l\u2019approbation de cinq propositions de loi, portant ainsi \u00e0 40 le nombre de textes approuv\u00e9s par l\u2019institution l\u00e9gislative, a-t-il poursuivi, mettant en avant la r\u00e9activit\u00e9 positive du gouvernement vis-\u00e0-vis de ces initiatives. Le parlement se r\u00e9jouit de la poursuite des dialogues, d\u00e9bats et discussions aupr\u00e8s du pouvoir ex\u00e9cutif au sujet des nombreuses propositions de lois, ayant \u00e0 ce jour atteint 223, a ajout\u00e9 M. El Malki.<\/p>\n<p class=\"c4\">Enfin, le pr\u00e9sident de la Chambre a affirm\u00e9 que cette session a contribu\u00e9 au renforcement de la l\u00e9gislation nationale et de l\u2019exercice du contr\u00f4le parlementaire, sur la base de la coop\u00e9ration et de la compl\u00e9mentarit\u00e9 entre les pouvoirs publics pour l\u2019ancrage des valeurs de d\u00e9mocratie et de r\u00e9forme globale et la promotion de la confiance des citoyens, afin que le Royaume puisse concr\u00e9tiser son aspiration de \u00ab\u00a0puissance d\u00e9mocratique et \u00e9conomique \u00e9mergente\u00a0\u00bb, sous la conduite \u00e9clair\u00e9e de Sa Majest\u00e9 le Roi Mohammed VI.<\/p>\n<p>Auteur: Soufiane ELAHMAR<br \/>\n<a href=\"http:\/\/www.mapoujda.ma\/fr\/la-chambre-des-representants-soucieuse-dinteragir-avec-les-questions-de-societe\/\">Cliquez ici pour lire l&rsquo;article depuis sa source.<\/a><\/p>\n","protected":false},"excerpt":{"rendered":"<p>La Chambre des repr\u00e9sentants a \u00e9t\u00e9 anim\u00e9e de la volont\u00e9 d\u2019interagir avec les grandes questions de soci\u00e9t\u00e9 durant la session d\u2019octobre de l\u2019ann\u00e9e l\u00e9gislative 2020-2021, a affirm\u00e9, mercredi \u00e0 Rabat, son pr\u00e9sident, Habib El Malki. Sur les quatre s\u00e9ances de politique g\u00e9n\u00e9rale, deux ont \u00e9t\u00e9 consacr\u00e9es \u00e0 la question nationale, sous l\u2019angle du d\u00e9veloppement des [&hellip;]<\/p>\n","protected":false},"author":1788,"featured_media":0,"comment_status":"closed","ping_status":"closed","sticky":false,"template":"","format":"standard","meta":{"fifu_image_url":"","fifu_image_alt":"","footnotes":""},"categories":[54,76],"tags":[],"class_list":["post-111044","post","type-post","status-publish","format-standard","hentry","category-maroc","category-regions"],"_links":{"self":[{"href":"https:\/\/linitiative.ca\/International\/wp-json\/wp\/v2\/posts\/111044","targetHints":{"allow":["GET"]}}],"collection":[{"href":"https:\/\/linitiative.ca\/International\/wp-json\/wp\/v2\/posts"}],"about":[{"href":"https:\/\/linitiative.ca\/International\/wp-json\/wp\/v2\/types\/post"}],"author":[{"embeddable":true,"href":"https:\/\/linitiative.ca\/International\/wp-json\/wp\/v2\/users\/1788"}],"replies":[{"embeddable":true,"href":"https:\/\/linitiative.ca\/International\/wp-json\/wp\/v2\/comments?post=111044"}],"version-history":[{"count":0,"href":"https:\/\/linitiative.ca\/International\/wp-json\/wp\/v2\/posts\/111044\/revisions"}],"wp:attachment":[{"href":"https:\/\/linitiative.ca\/International\/wp-json\/wp\/v2\/media?parent=111044"}],"wp:term":[{"taxonomy":"category","embeddable":true,"href":"https:\/\/linitiative.ca\/International\/wp-json\/wp\/v2\/categories?post=111044"},{"taxonomy":"post_tag","embeddable":true,"href":"https:\/\/linitiative.ca\/International\/wp-json\/wp\/v2\/tags?post=111044"}],"curies":[{"name":"wp","href":"https:\/\/api.w.org\/{rel}","templated":true}]}}