{"id":111047,"date":"2021-02-11T12:05:56","date_gmt":"2021-02-11T17:05:56","guid":{"rendered":"https:\/\/linitiative.ca\/International\/les-gagnants-du-prix-de-leconomiste-de-la-recherche-en-economie-et-gestion\/"},"modified":"2021-02-11T12:05:56","modified_gmt":"2021-02-11T17:05:56","slug":"les-gagnants-du-prix-de-leconomiste-de-la-recherche-en-economie-et-gestion","status":"publish","type":"post","link":"https:\/\/linitiative.ca\/International\/les-gagnants-du-prix-de-leconomiste-de-la-recherche-en-economie-et-gestion\/","title":{"rendered":"Les gagnants du Prix de L\u2019Economiste de la Recherche en Economie et Gestion"},"content":{"rendered":"<p class=\"rtejustify\">La c\u00e9r\u00e9monie de remise du Prix de L\u2019Economiste de la Recherche en Economie et Gestion s\u2019est d\u00e9roul\u00e9e ce jeudi au si\u00e8ge du groupe Eco-M\u00e9dias. Pour cette 16e \u00e9dition, 9 travaux de recherche ont \u00e9t\u00e9 retenus par le jury.<\/p>\n<p class=\"rtejustify\">Pour la cat\u00e9gorie \u00ab\u00a0Doctorat\u00a0\u00bb, les nomin\u00e9s ont \u00e9t\u00e9 Marouane Raissi, Mostapha El Idrissi, Mohamed Sadek et Ismail Badraoui. Le prix a \u00e9t\u00e9 attribu\u00e9 \u00e0 Marouane Raissi pour sa th\u00e8se soutenue \u00e0 l\u2019Universit\u00e9 Ibn Tofail de K\u00e9nitra qui s\u2019intitule \u00abLes politiques \u00e9conomiques au service d\u2019une croissance inclusive au Maroc. Cas du Policy Mix\u00bb.<\/p>\n<p class=\"rtejustify\">Pour la cat\u00e9gorie \u00ab\u00a0Master\u00a0\u00bb, les nomin\u00e9s ont \u00e9t\u00e9 Salma Er-Raoui, Samir El-Hady et Rida Icharmouhene. Le prix \u00ab\u00a0Master\u00a0\u00bb a \u00e9t\u00e9 d\u00e9cern\u00e9 \u00e0 Salma Er-Raoui pour son travail intitul\u00e9 \u00abCapital immat\u00e9riel: Proposition d\u2019un indice de mesure\u00bb soutenu \u00e0 la Facult\u00e9 des sciences juridiques, \u00e9conomiques et sociales de A\u00efn Seba\u00e2 Casablanca. Samir El-Hady a \u00e9galement rafl\u00e9 le prix pour m\u00e9moire portant sur \u00abL\u2019impact du burnout sur l&rsquo;engagement organisationnel des infirmi\u00e8res du secteur public dans le contexte marocain\u00bb soutenu \u00e0 la l\u2019Universit\u00e9 Cady Ayyad de Marrakech.<\/p>\n<p class=\"rtejustify\">Pour la cat\u00e9gorie \u00ab\u00a0Licence\/Bachelor\u00a0\u00bb, les nomin\u00e9s ont \u00e9t\u00e9 Fatima Ezzahra Balouch et Nizar Slaoui. C\u2019est Fatima Ezzahra Balouch qui remporte le prix pour son travail sur \u00abLa prise en charge sanitaire dans le milieu carc\u00e9ral: Textes juridiques et r\u00e9alit\u00e9\u00bb soutenu \u00e0 la Facult\u00e9 des sciences juridiques, \u00e9conomiques et sociales de l\u2019Agdal.<\/p>\n<p class=\"rtejustify\">\u00a0<\/p>\n<p>Auteur: mbasraoui<br \/>\n<a href=\"https:\/\/www.leconomiste.com\/flash-infos\/les-gagnants-du-prix-de-l-economiste-de-la-recherche-en-economie-et-gestion-0\">Cliquez ici pour lire l&rsquo;article depuis sa source.<\/a><\/p>\n","protected":false},"excerpt":{"rendered":"<p>La c\u00e9r\u00e9monie de remise du Prix de L\u2019Economiste de la Recherche en Economie et Gestion s\u2019est d\u00e9roul\u00e9e ce jeudi au si\u00e8ge du groupe Eco-M\u00e9dias. Pour cette 16e \u00e9dition, 9 travaux de recherche ont \u00e9t\u00e9 retenus par le jury. Pour la cat\u00e9gorie \u00ab\u00a0Doctorat\u00a0\u00bb, les nomin\u00e9s ont \u00e9t\u00e9 Marouane Raissi, Mostapha El Idrissi, Mohamed Sadek et Ismail [&hellip;]<\/p>\n","protected":false},"author":1763,"featured_media":0,"comment_status":"closed","ping_status":"closed","sticky":false,"template":"","format":"standard","meta":{"fifu_image_url":"","fifu_image_alt":"","footnotes":""},"categories":[78,54],"tags":[],"class_list":["post-111047","post","type-post","status-publish","format-standard","hentry","category-economie","category-maroc"],"_links":{"self":[{"href":"https:\/\/linitiative.ca\/International\/wp-json\/wp\/v2\/posts\/111047","targetHints":{"allow":["GET"]}}],"collection":[{"href":"https:\/\/linitiative.ca\/International\/wp-json\/wp\/v2\/posts"}],"about":[{"href":"https:\/\/linitiative.ca\/International\/wp-json\/wp\/v2\/types\/post"}],"author":[{"embeddable":true,"href":"https:\/\/linitiative.ca\/International\/wp-json\/wp\/v2\/users\/1763"}],"replies":[{"embeddable":true,"href":"https:\/\/linitiative.ca\/International\/wp-json\/wp\/v2\/comments?post=111047"}],"version-history":[{"count":0,"href":"https:\/\/linitiative.ca\/International\/wp-json\/wp\/v2\/posts\/111047\/revisions"}],"wp:attachment":[{"href":"https:\/\/linitiative.ca\/International\/wp-json\/wp\/v2\/media?parent=111047"}],"wp:term":[{"taxonomy":"category","embeddable":true,"href":"https:\/\/linitiative.ca\/International\/wp-json\/wp\/v2\/categories?post=111047"},{"taxonomy":"post_tag","embeddable":true,"href":"https:\/\/linitiative.ca\/International\/wp-json\/wp\/v2\/tags?post=111047"}],"curies":[{"name":"wp","href":"https:\/\/api.w.org\/{rel}","templated":true}]}}