{"id":111048,"date":"2021-02-11T12:08:17","date_gmt":"2021-02-11T17:08:17","guid":{"rendered":"https:\/\/linitiative.ca\/International\/veille-epidemiologique-et-de-riposte-la-fondation-ocp-et-lum6p-simpliquent\/"},"modified":"2021-02-11T12:08:17","modified_gmt":"2021-02-11T17:08:17","slug":"veille-epidemiologique-et-de-riposte-la-fondation-ocp-et-lum6p-simpliquent","status":"publish","type":"post","link":"https:\/\/linitiative.ca\/International\/veille-epidemiologique-et-de-riposte-la-fondation-ocp-et-lum6p-simpliquent\/","title":{"rendered":"Veille \u00e9pid\u00e9miologique et de riposte:  La Fondation OCP et l\u2019UM6P s\u2019impliquent"},"content":{"rendered":"<div class=\"author\" readability=\"7\">Par L&rsquo;Economiste| Le 11\/02\/2021 &#8211; 18:08 | Partager <\/div>\n<div class=\"body\">\n<div class=\"legende-in-article\"> <a href=\"\/sites\/default\/files\/eco7\/public\/upf_universite_polytechnique_mohammed_vi_098_0.jpg\"> <img decoding=\"async\" class=\"img-responsive\" src=\"\/sites\/default\/files\/eco7\/public\/upf_universite_polytechnique_mohammed_vi_098_0.jpg\" alt=\"Veille \u00e9pid\u00e9miologique et de riposte: La Fondation OCP et l\u2019UM6P s\u2019impliquent\"\/><\/a><\/div>\n<div class=\"field field-name-body field-type-text-with-summary field-label-hidden\">\n<div class=\"field-items\" readability=\"15.5\">\n<div class=\"field-item even\" property=\"content:encoded\" readability=\"26\">\n<p class=\"rtejustify\">Un centre de virologie m\u00e9dicale pour germes hautement pathog\u00e8nes au sein de l\u2019institut pasteur Maroc (IPM) et un autre de veille \u00e9pid\u00e9miologique et de riposte contre les \u00e9pid\u00e9mies li\u00e9es aux virus \u00e9mergents au sein de l Universit\u00e9 Mohammed VI Polytechnique (UM6P) \u00e0 Benguerir.<\/p>\n<p class=\"rtejustify\">Ce sont les premiers projets qui seront rapidement mis en place par l\u2019UM6P et l\u2019Institut pasteur du Maroc, soutenus par la Fondation OCP. Les partenaires lancent par ailleurs, un appel \u00e0 projets pour le d\u00e9veloppement de la Recherche &amp; D\u00e9veloppement en rapport avec les germes \u00e9mergents et hautement pathog\u00e8nes, en particulier le SARS COV2.<\/p>\n<p class=\"rtejustify\">Ce projet, \u00e9tal\u00e9 sur une dur\u00e9e de 4 ans, fera l\u2019objet d\u2019un suivi et d\u2019une s\u00e9lection de projets \u00e0 financer, port\u00e9s par des \u00e9quipes de recherche mixtes. Il s\u2019agira aussi de promouvoir le d\u00e9veloppement de la recherche et le d\u00e9veloppement en virologie en capitalisant sur les capacit\u00e9s de l\u2019IPM et l\u2019UM6P et en donnant \u00e0 la diaspora nationale et internationale sp\u00e9cialis\u00e9e en la mati\u00e8re, un espace idoine pour mener \u00e0 bien ses recherches.<\/p>\n<p class=\"rtejustify\"><em>B.B.<\/em><\/p>\n<p class=\"rtejustify\">\u00a0<\/p>\n<\/div>\n<\/div>\n<\/div>\n<\/div>\n<p>Auteur: mbasraoui<br \/>\n<a href=\"https:\/\/www.leconomiste.com\/flash-infos\/veille-epidemiologique-et-de-riposte-la-fondation-ocp-et-l-um6p-s-impliquent\">Cliquez ici pour lire l&rsquo;article depuis sa source.<\/a><\/p>\n","protected":false},"excerpt":{"rendered":"<p>Par L&rsquo;Economiste| Le 11\/02\/2021 &#8211; 18:08 | Partager Un centre de virologie m\u00e9dicale pour germes hautement pathog\u00e8nes au sein de l\u2019institut pasteur Maroc (IPM) et un autre de veille \u00e9pid\u00e9miologique et de riposte contre les \u00e9pid\u00e9mies li\u00e9es aux virus \u00e9mergents au sein de l Universit\u00e9 Mohammed VI Polytechnique (UM6P) \u00e0 Benguerir. Ce sont les premiers [&hellip;]<\/p>\n","protected":false},"author":1763,"featured_media":0,"comment_status":"closed","ping_status":"closed","sticky":false,"template":"","format":"standard","meta":{"fifu_image_url":"\/sites\/default\/files\/eco7\/public\/upf_universite_polytechnique_mohammed_vi_098_0.jpg","fifu_image_alt":"Veille \u00e9pid\u00e9miologique et de riposte:  La Fondation OCP et l\u2019UM6P s\u2019impliquent","footnotes":""},"categories":[78,54],"tags":[],"class_list":["post-111048","post","type-post","status-publish","format-standard","hentry","category-economie","category-maroc"],"_links":{"self":[{"href":"https:\/\/linitiative.ca\/International\/wp-json\/wp\/v2\/posts\/111048","targetHints":{"allow":["GET"]}}],"collection":[{"href":"https:\/\/linitiative.ca\/International\/wp-json\/wp\/v2\/posts"}],"about":[{"href":"https:\/\/linitiative.ca\/International\/wp-json\/wp\/v2\/types\/post"}],"author":[{"embeddable":true,"href":"https:\/\/linitiative.ca\/International\/wp-json\/wp\/v2\/users\/1763"}],"replies":[{"embeddable":true,"href":"https:\/\/linitiative.ca\/International\/wp-json\/wp\/v2\/comments?post=111048"}],"version-history":[{"count":0,"href":"https:\/\/linitiative.ca\/International\/wp-json\/wp\/v2\/posts\/111048\/revisions"}],"wp:attachment":[{"href":"https:\/\/linitiative.ca\/International\/wp-json\/wp\/v2\/media?parent=111048"}],"wp:term":[{"taxonomy":"category","embeddable":true,"href":"https:\/\/linitiative.ca\/International\/wp-json\/wp\/v2\/categories?post=111048"},{"taxonomy":"post_tag","embeddable":true,"href":"https:\/\/linitiative.ca\/International\/wp-json\/wp\/v2\/tags?post=111048"}],"curies":[{"name":"wp","href":"https:\/\/api.w.org\/{rel}","templated":true}]}}