{"id":111050,"date":"2021-02-11T11:00:00","date_gmt":"2021-02-11T16:00:00","guid":{"rendered":"https:\/\/linitiative.ca\/International\/entrez-dans-la-danse\/"},"modified":"2021-02-11T11:00:00","modified_gmt":"2021-02-11T16:00:00","slug":"entrez-dans-la-danse","status":"publish","type":"post","link":"https:\/\/linitiative.ca\/International\/entrez-dans-la-danse\/","title":{"rendered":"Entrez dans la danse !"},"content":{"rendered":"<p>Du 17 au 20 f\u00e9vrier \u00e0 l\u2019espace El Teatro<\/p>\n<footer class=\"submitted clearfix\">\n<p><span class=\"date-display-single\" property=\"dc:date\" datatype=\"xsd:dateTime\" content=\"2021-02-11T00:00:00+01:00\">Jeudi 11 F\u00e9vrier 2021<\/span><\/p>\n<\/footer>\n<div class=\"content clearfix\" readability=\"41.874851013111\"><span class=\"print-link\"><span class=\"print_html\"><a href=\"http:\/\/www.letemps.com.tn\/print\/119230\" title=\"Display a printer-friendly version of this page.\" class=\"print-page\" onclick=\"window.open(this.href); return false\" rel=\"nofollow\"><img decoding=\"async\" class=\"print-icon\" typeof=\"foaf:Image\" src=\"http:\/\/www.letemps.com.tn\/sites\/all\/modules\/print\/icons\/print_icon.gif\" alt=\"\u0646\u0633\u062e\u0629 \u0644\u0644\u0637\u0628\u0627\u0639\u0629\" title=\"\u0646\u0633\u062e\u0629 \u0644\u0644\u0637\u0628\u0627\u0639\u0629\"\/><\/a><\/span><\/span><\/p>\n<div class=\"beacon9-social\">\n<p><iframe src=\"http:\/\/www.facebook.com\/plugins\/like.php?href=http%3A%2F%2Fwww.letemps.com.tn%2Farticle%2F119230%2Fentrez-dans-la-danse&amp;layout=button_count&amp;show_faces=false&amp;action=like&amp;font=arial&amp;colorscheme=light\" scrolling=\"no\" frameborder=\"0\" class=\"c1\" allowtransparency=\"true\">[embedded content]<\/iframe><\/p>\n<\/div>\n<div class=\"field field-name-body field-type-text-with-summary field-label-hidden field-items field-item even\" readability=\"54\">\n<p class=\"p1 c4\"><span class=\"c3\"><span class=\"c2\"><strong>Le Temps &#8211; Mona BEN GAMRA<\/strong><\/span><\/span><\/p>\n<p class=\"p1 c4\"><span class=\"c3\"><span class=\"c2\"><strong>Une premi\u00e8re pour les premi\u00e8res chor\u00e9graphiques ! Le festival qui porte bien son nom sera d\u00e9di\u00e9 \u00e0 la danse chor\u00e9graphique<span class=\"Apple-converted-space\">\u00a0<\/span> et aux jeunes danseurs<span class=\"Apple-converted-space\">\u00a0<\/span> qui auront la possibilit\u00e9 de montrer et faire connaitre leurs cr\u00e9ations. <span class=\"Apple-converted-space\">\u00a0<\/span><\/strong><\/span><\/span><\/p>\n<p class=\"p2 c5\"><span class=\"c3\"><span class=\"c2\">L\u2019id\u00e9e est in\u00e9dite et prometteuse car qui dit jeunes danseurs en mal de notori\u00e9t\u00e9 dit aussi des artistes qui assureront la rel\u00e8ve et qui donneront sa valeur<span class=\"Apple-converted-space\">\u00a0<\/span> \u00e0<span class=\"Apple-converted-space\">\u00a0<\/span> une discipline longtemps d\u00e9laiss\u00e9e par les pouvoirs publics .<span class=\"Apple-converted-space\">\u00a0<\/span> Et ce sont des danseurs de la trempe de Melek Sebai, Mariem Guellouz, et puis apr\u00e8s Bahri Ben Yahmed et Rochdi Belgasmi et j\u2019en passe\u2026 qui ont constitu\u00e9<span class=\"Apple-converted-space\">\u00a0<\/span> les pr\u00e9mices de cette discipline sous nos cieux. Danser pour<span class=\"Apple-converted-space\">\u00a0<\/span> r\u00e9inventer l\u2019espace, l\u2019agrandir, pour s\u2019impr\u00e9gner de sa g\u00e9om\u00e9trie\u2026<span class=\"Apple-converted-space\">\u00a0<\/span> Avec les premi\u00e8res g\u00e9n\u00e9rations de danseurs , la danse contemporaine a commenc\u00e9 \u00e0 avoir la place qui lui \u00e9choit dans le calendrier culturel<span class=\"Apple-converted-space\">\u00a0<\/span> et si des questions li\u00e9s au statut de l\u2019artiste danseur et d\u2019une \u00e9cole de danse contemporaine publique<span class=\"Apple-converted-space\">\u00a0<\/span> n\u2019ont<span class=\"Apple-converted-space\">\u00a0<\/span> pas encore de r\u00e9ponse, on peut compter sur la volont\u00e9 de jeunes danseurs pour faire bouger les choses.<span class=\"Apple-converted-space\">\u00a0<\/span> Durant quatre jours , du 17 au 20 f\u00e9vrier, \u00e0 l\u2019espace El Teatro, les jeunes danseurs du \u00ab Festival des premi\u00e8res chor\u00e9graphiques\u00bb<span class=\"Apple-converted-space\">\u00a0<\/span> s\u2019en donneront<span class=\"Apple-converted-space\">\u00a0<\/span> \u00e0 c\u0153ur joie et s\u2019adonneront corps et \u00e2me<span class=\"Apple-converted-space\">\u00a0<\/span> pour danser cet irrationnel qui envahit nos quotidiens, le<span class=\"Apple-converted-space\">\u00a0<\/span> d\u00e9construire, pour mieux l\u2019appr\u00e9hender. Il n\u2019y a pas plus ordonn\u00e9 que le chaos d\u2019une danse contemporaine,<span class=\"Apple-converted-space\">\u00a0<\/span> dit-on, m\u00eame si certaines cr\u00e9ations qu\u2019on d\u00e9couvrira feront voler les conventions aux \u00e9clats. <span class=\"Apple-converted-space\">\u00a0<\/span><\/span><\/span><\/p>\n<p class=\"p3 c6\"><span class=\"c3\"><span class=\"c2\"><strong>M.B.G.<\/strong><\/span><\/span><\/p>\n<\/div>\n<\/div>\n<p>Auteur: letemps1<br \/>\n<a href=\"http:\/\/www.letemps.com.tn\/article\/119230\/entrez-dans-la-danse\">Cliquez ici pour lire l&rsquo;article depuis sa source.<\/a><\/p>\n","protected":false},"excerpt":{"rendered":"<p>Du 17 au 20 f\u00e9vrier \u00e0 l\u2019espace El Teatro Jeudi 11 F\u00e9vrier 2021 [embedded content] Le Temps &#8211; Mona BEN GAMRA Une premi\u00e8re pour les premi\u00e8res chor\u00e9graphiques ! Le festival qui porte bien son nom sera d\u00e9di\u00e9 \u00e0 la danse chor\u00e9graphique\u00a0 et aux jeunes danseurs\u00a0 qui auront la possibilit\u00e9 de montrer et faire connaitre leurs [&hellip;]<\/p>\n","protected":false},"author":1773,"featured_media":0,"comment_status":"closed","ping_status":"closed","sticky":false,"template":"","format":"standard","meta":{"fifu_image_url":"http:\/\/www.letemps.com.tn\/sites\/all\/modules\/print\/icons\/print_icon.gif","fifu_image_alt":"Entrez dans la danse !","footnotes":""},"categories":[73,55],"tags":[],"class_list":["post-111050","post","type-post","status-publish","format-standard","hentry","category-actualite","category-tunisie"],"_links":{"self":[{"href":"https:\/\/linitiative.ca\/International\/wp-json\/wp\/v2\/posts\/111050","targetHints":{"allow":["GET"]}}],"collection":[{"href":"https:\/\/linitiative.ca\/International\/wp-json\/wp\/v2\/posts"}],"about":[{"href":"https:\/\/linitiative.ca\/International\/wp-json\/wp\/v2\/types\/post"}],"author":[{"embeddable":true,"href":"https:\/\/linitiative.ca\/International\/wp-json\/wp\/v2\/users\/1773"}],"replies":[{"embeddable":true,"href":"https:\/\/linitiative.ca\/International\/wp-json\/wp\/v2\/comments?post=111050"}],"version-history":[{"count":0,"href":"https:\/\/linitiative.ca\/International\/wp-json\/wp\/v2\/posts\/111050\/revisions"}],"wp:attachment":[{"href":"https:\/\/linitiative.ca\/International\/wp-json\/wp\/v2\/media?parent=111050"}],"wp:term":[{"taxonomy":"category","embeddable":true,"href":"https:\/\/linitiative.ca\/International\/wp-json\/wp\/v2\/categories?post=111050"},{"taxonomy":"post_tag","embeddable":true,"href":"https:\/\/linitiative.ca\/International\/wp-json\/wp\/v2\/tags?post=111050"}],"curies":[{"name":"wp","href":"https:\/\/api.w.org\/{rel}","templated":true}]}}