{"id":111051,"date":"2021-02-11T11:00:00","date_gmt":"2021-02-11T16:00:00","guid":{"rendered":"https:\/\/linitiative.ca\/International\/les-houthis-attaquent-laeroport-international-dabha\/"},"modified":"2021-02-11T11:00:00","modified_gmt":"2021-02-11T16:00:00","slug":"les-houthis-attaquent-laeroport-international-dabha","status":"publish","type":"post","link":"https:\/\/linitiative.ca\/International\/les-houthis-attaquent-laeroport-international-dabha\/","title":{"rendered":"Les Houthis attaquent  l\u2019a\u00e9roport international d&rsquo;Abha"},"content":{"rendered":"<p class=\"p1 c5\"><span class=\"c4\"><span class=\"c3\"><strong><span class=\"s1 c2\">Le Temps-Agences-<\/span> Les rebelles Houthis du Y\u00e9men ont attaqu\u00e9 hier l&rsquo;a\u00e9roport international d&rsquo;Abha, dans le sud de l&rsquo;Arabie saoudite, en affirmant avoir vis\u00e9 des objectifs militaires alors que la coalition men\u00e9e par Ryad a \u00e9voqu\u00e9 un \u00ab\u00a0crime de guerre\u00a0\u00bb mettant en danger des civils.<\/strong><\/span><\/span><\/p>\n<p class=\"p1 c6\"><span class=\"c4\"><span class=\"c3\">Cette escalade intervient \u00e0 contre-courant d&rsquo;une tentative d&rsquo;apaisement marqu\u00e9e par la r\u00e9vision de la politique am\u00e9ricaine sur le Y\u00e9men qui laisse entrevoir l&rsquo;espoir d&rsquo;une reprise du processus de r\u00e8glement politique d&rsquo;un conflit durant depuis plusieurs ann\u00e9es.<\/span><\/span><\/p>\n<p class=\"p1 c6\"><span class=\"c4\"><span class=\"c3\">\u00ab\u00a0Un avion au sol a subi un incendie, qui a \u00e9t\u00e9 ma\u00eetris\u00e9\u00a0\u00bb<\/span><\/span><\/p>\n<p class=\"p1 c6\"><span class=\"c4\"><span class=\"c3\">Des \u00ab\u00a0mesures ont \u00e9t\u00e9 prises pour prot\u00e9ger les civils\u00a0\u00bb, ajoute la cha\u00eene, citant la coalition dirig\u00e9e par l&rsquo;Arabie saoudite qui soutient militairement le gouvernement y\u00e9m\u00e9nite depuis 2015 face aux rebelles. Elle n&rsquo;a pas fait \u00e9tat de victime ni pr\u00e9cis\u00e9 si l&rsquo;appareil avait des passagers \u00e0 bord.<\/span><\/span><\/p>\n<p class=\"p1 c6\"><span class=\"c4\"><span class=\"c3\">La coalition avait indiqu\u00e9 plus t\u00f4t avoir intercept\u00e9 deux drones arm\u00e9s lanc\u00e9s vers le sud du royaume par les rebelles Houthis, qui sont soutenus par l&rsquo;Iran.<\/span><\/span><\/p>\n<p class=\"p1 c6\"><span class=\"c4\"><span class=\"c3\">\u00ab\u00a0Un crime de guerre\u00a0\u00bb<\/span><\/span><\/p>\n<p class=\"p1 c6\"><span class=\"c4\"><span class=\"c3\">Dans la capitale y\u00e9m\u00e9nite Sanaa qu&rsquo;ils contr\u00f4lent, les Houthis ont annonc\u00e9 avoir cibl\u00e9 une aire de stationnement de l&rsquo;a\u00e9roport utilis\u00e9e pour \u00ab\u00a0attaquer militairement le peuple y\u00e9m\u00e9nite\u00a0\u00bb. Quatre drones de type Samad-3 et un engin de type 2k ont \u00e9t\u00e9 utilis\u00e9s et ont \u00ab\u00a0atteint leurs cibles avec pr\u00e9cision\u00a0\u00bb, a affirm\u00e9 sur Twitter un porte-parole des insurg\u00e9s.<\/span><\/span><\/p>\n<p class=\"p1 c6\"><span class=\"c4\"><span class=\"c3\">L&rsquo;avion de ligne se trouvait en stationnement dans cet a\u00e9roport qui avait d\u00e9j\u00e0 \u00e9t\u00e9 pris pour cible \u00e0 plusieurs reprises par les Houthis, selon la coalition.<\/span><\/span><\/p>\n<p class=\"p1 c6\"><span class=\"c4\"><span class=\"c3\">\u00ab\u00a0Une r\u00e9ponse aux raids a\u00e9riens\u00a0\u00bb<\/span><\/span><\/p>\n<p class=\"p1 c6\"><span class=\"c4\"><span class=\"c3\">Le gouvernement y\u00e9m\u00e9nite s&rsquo;est empress\u00e9 de d\u00e9noncer l&rsquo;attaque. Le ministre de l&rsquo;Information Mouammar al-Iryani a \u00e9voqu\u00e9 sur Twitter une op\u00e9ration t\u00e9l\u00e9guid\u00e9e par l&rsquo;Iran pour \u00ab\u00a0d\u00e9stabiliser la r\u00e9gion\u00a0\u00bb, en r\u00e9f\u00e9rence au grand rival r\u00e9gional de Ryad.<\/span><\/span><\/p>\n<p class=\"p1 c6\"><span class=\"c4\"><span class=\"c3\">Mardi, le \u00ab\u00a0ministre\u00a0\u00bb des Affaires \u00e9trang\u00e8res des Houthis avait d\u00e9clar\u00e9 que les op\u00e9rations des insurg\u00e9s visant l&rsquo;Arabie saoudite \u00e9taient men\u00e9es en riposte aux raids de l&rsquo;aviation saoudienne au Y\u00e9men.<\/span><\/span><\/p>\n<p class=\"p1 c6\"><span class=\"c4\"><span class=\"c3\">Il avait par ailleurs indiqu\u00e9 que les rebelles \u00e9taient intervenus dans la r\u00e9gion de Marib, \u00e0 l&rsquo;est de Sanaa, contre des \u00ab\u00a0mouvements de groupes extr\u00e9mistes\u00a0\u00bb venus renforcer les forces fid\u00e8les au pr\u00e9sident Abd Rabbo Mansour Hadi. L&rsquo;aviation saoudienne est intervenue contre les rebelles et \u00ab\u00a0nous nous sommes trouv\u00e9s dans l&rsquo;obligation de riposter\u00a0\u00bb, avait-il affirm\u00e9, en r\u00e9f\u00e9rence d\u00e9j\u00e0 \u00e0 des tirs de drones arm\u00e9s en direction de l&rsquo;Arabie saoudite.<\/span><\/span><\/p>\n<p class=\"p1 c5\">\u00a0<\/p>\n<p class=\"p1 c6\"><span class=\"c4\"><span class=\"c3\">Les Etats-Unis ont appel\u00e9 dimanche les Houthis \u00ab\u00a0\u00e0 cesser imm\u00e9diatement les attaques qui touchent les zones civiles \u00e0 l&rsquo;int\u00e9rieur de l&rsquo;Arabie saoudite et \u00e0 mettre un terme \u00e0 toute nouvelle offensive militaire au Y\u00e9men\u00a0\u00bb. Le nouveau pr\u00e9sident am\u00e9ricain Joe Biden a r\u00e9vis\u00e9 la politique de son pays \u00e0 l&rsquo;\u00e9gard du conflit, cessant de soutenir militairement les op\u00e9rations de la coalition au Y\u00e9men et retirant les Houthis d&rsquo;une liste d&rsquo;organisations terroristes. Mais Washington a r\u00e9affirm\u00e9 son engagement \u00e0 aider les Saoudiens \u00e0 prot\u00e9ger leur territoire des attaques \u00e9trang\u00e8res.<\/span><\/span><\/p>\n<p>Auteur: letemps1<br \/>\n<a href=\"http:\/\/www.letemps.com.tn\/article\/119231\/les-houthis-attaquent-l%E2%80%99a%C3%A9roport-international-dabha\">Cliquez ici pour lire l&rsquo;article depuis sa source.<\/a><\/p>\n","protected":false},"excerpt":{"rendered":"<p>Le Temps-Agences- Les rebelles Houthis du Y\u00e9men ont attaqu\u00e9 hier l&rsquo;a\u00e9roport international d&rsquo;Abha, dans le sud de l&rsquo;Arabie saoudite, en affirmant avoir vis\u00e9 des objectifs militaires alors que la coalition men\u00e9e par Ryad a \u00e9voqu\u00e9 un \u00ab\u00a0crime de guerre\u00a0\u00bb mettant en danger des civils. Cette escalade intervient \u00e0 contre-courant d&rsquo;une tentative d&rsquo;apaisement marqu\u00e9e par la [&hellip;]<\/p>\n","protected":false},"author":1773,"featured_media":0,"comment_status":"closed","ping_status":"closed","sticky":false,"template":"","format":"standard","meta":{"fifu_image_url":"","fifu_image_alt":"","footnotes":""},"categories":[73,55],"tags":[],"class_list":["post-111051","post","type-post","status-publish","format-standard","hentry","category-actualite","category-tunisie"],"_links":{"self":[{"href":"https:\/\/linitiative.ca\/International\/wp-json\/wp\/v2\/posts\/111051","targetHints":{"allow":["GET"]}}],"collection":[{"href":"https:\/\/linitiative.ca\/International\/wp-json\/wp\/v2\/posts"}],"about":[{"href":"https:\/\/linitiative.ca\/International\/wp-json\/wp\/v2\/types\/post"}],"author":[{"embeddable":true,"href":"https:\/\/linitiative.ca\/International\/wp-json\/wp\/v2\/users\/1773"}],"replies":[{"embeddable":true,"href":"https:\/\/linitiative.ca\/International\/wp-json\/wp\/v2\/comments?post=111051"}],"version-history":[{"count":0,"href":"https:\/\/linitiative.ca\/International\/wp-json\/wp\/v2\/posts\/111051\/revisions"}],"wp:attachment":[{"href":"https:\/\/linitiative.ca\/International\/wp-json\/wp\/v2\/media?parent=111051"}],"wp:term":[{"taxonomy":"category","embeddable":true,"href":"https:\/\/linitiative.ca\/International\/wp-json\/wp\/v2\/categories?post=111051"},{"taxonomy":"post_tag","embeddable":true,"href":"https:\/\/linitiative.ca\/International\/wp-json\/wp\/v2\/tags?post=111051"}],"curies":[{"name":"wp","href":"https:\/\/api.w.org\/{rel}","templated":true}]}}