{"id":111052,"date":"2021-02-11T11:00:00","date_gmt":"2021-02-11T16:00:00","guid":{"rendered":"https:\/\/linitiative.ca\/International\/une-riche-economie-aujourdhui-a-terre\/"},"modified":"2021-02-11T11:00:00","modified_gmt":"2021-02-11T16:00:00","slug":"une-riche-economie-aujourdhui-a-terre","status":"publish","type":"post","link":"https:\/\/linitiative.ca\/International\/une-riche-economie-aujourdhui-a-terre\/","title":{"rendered":"Une riche \u00e9conomie, aujourd&rsquo;hui \u00e0 terre"},"content":{"rendered":"<p class=\"p1 c4\"><span class=\"c3\"><span class=\"c2\"><strong>Le Temps- Agences- Le pays est riche en hydrocarbures et sa population peu nombreuse pour se partager les dividendes des plus abondantes r\u00e9serves p\u00e9troli\u00e8res d&rsquo;Afrique, mais dix ans apr\u00e8s la r\u00e9volution, l&rsquo;\u00e9conomie de la Libye est en pleine \u00ab\u00a0d\u00e9pression\u00a0\u00bb et ses habitants sont tr\u00e8s appauvris.<\/strong><\/span><\/span><\/p>\n<p class=\"p1 c5\"><span class=\"c3\"><span class=\"c2\">Des pourparlers politiques et la r\u00e9cente d\u00e9signation d&rsquo;une autorit\u00e9 ex\u00e9cutive unifi\u00e9e pour mener la transition, apr\u00e8s une d\u00e9cennie de conflits, ont raviv\u00e9 l&rsquo;espoir d&rsquo;une relance de l&rsquo;\u00e9conomie du pays, jadis parmi les plus prosp\u00e8res de la r\u00e9gion, avec pour principal thermom\u00e8tre le rebond de la production d&rsquo;or noir.<\/span><\/span><\/p>\n<p class=\"p1 c5\"><span class=\"c3\"><span class=\"c2\">Partout dans ce pays de sept millions d&rsquo;\u00e2mes se d\u00e9tachent les ossatures rouill\u00e9es d&rsquo;immenses grues tr\u00f4nant sur les carcasses de b\u00e2timents inachev\u00e9s, envahis par les herbes folles, t\u00e9moins d&rsquo;une \u00e9conomie \u00e0 l&rsquo;arr\u00eat.<\/span><\/span><\/p>\n<p class=\"p1 c5\"><span class=\"c3\"><span class=\"c2\">Des centaines de projets, estim\u00e9s \u00e0 plusieurs milliards de dollars et lanc\u00e9s au tournant de la d\u00e9cennie 2000-10 par des mastodontes mondiaux, ont \u00e9t\u00e9 abandonn\u00e9s du fait de l&rsquo;instabilit\u00e9.<\/span><\/span><\/p>\n<p class=\"p1 c5\"><span class=\"c3\"><span class=\"c2\">Ces derni\u00e8res ann\u00e9es, l&rsquo;activit\u00e9 \u00e9conomique en Libye a \u00e9t\u00e9 l&rsquo;otage des profondes divisions politiques entre deux autorit\u00e9s rivales, avec au c\u0153ur de ce champ de bataille le \u00ab\u00a0croissant p\u00e9trolier\u00a0\u00bb, \u00e0 mi-chemin entre Tripoli (nord-ouest), capitale et si\u00e8ge du gouvernement d&rsquo;union nationale (GNA), et Benghazi (nord-est), o\u00f9 r\u00e8gnent les forces du mar\u00e9chal Khalifa Haftar.<\/span><\/span><\/p>\n<p class=\"p2 c6\">\u00a0<\/p>\n<p class=\"p3 c7\"><span class=\"c3\"><span class=\"c2\"><strong>Un tableau compliqu\u00e9 par des ing\u00e9rences \u00e9trang\u00e8res.<\/strong><\/span><\/span><\/p>\n<p class=\"p1 c5\"><span class=\"c3\"><span class=\"c2\">L&rsquo;an dernier, les pro-Haftar ont notamment bloqu\u00e9 les principales installations p\u00e9troli\u00e8res pour r\u00e9clamer une meilleure r\u00e9partition des recettes, g\u00e9r\u00e9es \u00e0 Tripoli. L&rsquo;\u00e9chec de leur offensive sur la capitale les a convaincus de renoncer \u00e0 ce chantage.<\/span><\/span><\/p>\n<p class=\"p1 c5\"><span class=\"c3\"><span class=\"c2\">La production a rebondi, pour atteindre en d\u00e9cembre 1,2 million de barils par jour, soit dix fois plus qu&rsquo;au troisi\u00e8me trimestre 2020.<\/span><\/span><\/p>\n<p class=\"p1 c5\"><span class=\"c3\"><span class=\"c2\">L&rsquo;ann\u00e9e \u00e9coul\u00e9e a \u00e9t\u00e9 particuli\u00e8rement difficile : l&rsquo;offensive sur Tripoli et le blocus p\u00e9trolier ont provoqu\u00e9 \u00ab\u00a0les plus graves crises politique, \u00e9conomique et humanitaire de Libye depuis 2011\u00a0\u00bb, selon la Banque mondiale (BM).<\/span><\/span><\/p>\n<p class=\"p1 c5\"><span class=\"c3\"><span class=\"c2\">A cela s&rsquo;ajoute une crise mon\u00e9taire majeure, avec deux banques centrales &#8211; la BCL \u00e0 Tripoli et une banque concurrente \u00e0 l&rsquo;Est &#8211; entravant le contr\u00f4le de la politique mon\u00e9taire du pays pendant que le dinar d\u00e9gringole.<\/span><\/span><\/p>\n<p class=\"p1 c5\"><span class=\"c3\"><span class=\"c2\">Dans ce contexte, le quotidien des Libyens est marqu\u00e9 par d&rsquo;importantes p\u00e9nuries de liquidit\u00e9s, d&rsquo;essence, d&rsquo;\u00e9lectricit\u00e9 et par une inflation galopante.<\/span><\/span><\/p>\n<p class=\"p1 c5\"><span class=\"c3\"><span class=\"c2\">Salima Younis, 57 ans, a travaill\u00e9 \u00ab\u00a0pendant plus de 20 ans avec des compagnies p\u00e9troli\u00e8res \u00e9trang\u00e8res\u00a0\u00bb qui la payaient un \u00ab\u00a0salaire d\u00e9cent\u00a0\u00bb. Elles ont \u00ab\u00a0toutes quitt\u00e9 le pays et ne sont jamais revenues\u00a0\u00bb, dit-elle.<\/span><\/span><\/p>\n<p class=\"p1 c5\"><span class=\"c3\"><span class=\"c2\">Le minist\u00e8re de l&rsquo;Economie du GNA l&rsquo;a r\u00e9cemment reconnu : la majorit\u00e9 des produits de premi\u00e8re n\u00e9cessit\u00e9 ont vu leur prix augmenter de plus de 50% en 2020.<\/span><\/span><\/p>\n<p class=\"p1 c5\"><span class=\"c3\"><span class=\"c2\">En cause, les restrictions impos\u00e9es par la Banque centrale de Tripoli mais aussi la pand\u00e9mie de Covid-19, qui a aggrav\u00e9 la crise.<\/span><\/span><\/p>\n<p class=\"p1 c4\">\u00a0<\/p>\n<p class=\"p1 c5\"><span class=\"c3\"><span class=\"c2\">Un r\u00e9cent ajustement du dinar libyen par rapport au dollar n&rsquo;a \u00ab\u00a0pas eu d&rsquo;incidences significatives sur le pouvoir d&rsquo;achat\u00a0\u00bb, observe Kamal al-Mansouri.<\/span><\/span><\/p>\n<p>Auteur: letemps1<br \/>\n<a href=\"http:\/\/www.letemps.com.tn\/article\/119232\/une-riche-%C3%A9conomie-aujourdhui-%C3%A0-terre\">Cliquez ici pour lire l&rsquo;article depuis sa source.<\/a><\/p>\n","protected":false},"excerpt":{"rendered":"<p>Le Temps- Agences- Le pays est riche en hydrocarbures et sa population peu nombreuse pour se partager les dividendes des plus abondantes r\u00e9serves p\u00e9troli\u00e8res d&rsquo;Afrique, mais dix ans apr\u00e8s la r\u00e9volution, l&rsquo;\u00e9conomie de la Libye est en pleine \u00ab\u00a0d\u00e9pression\u00a0\u00bb et ses habitants sont tr\u00e8s appauvris. Des pourparlers politiques et la r\u00e9cente d\u00e9signation d&rsquo;une autorit\u00e9 ex\u00e9cutive [&hellip;]<\/p>\n","protected":false},"author":1773,"featured_media":0,"comment_status":"closed","ping_status":"closed","sticky":false,"template":"","format":"standard","meta":{"fifu_image_url":"","fifu_image_alt":"","footnotes":""},"categories":[73,55],"tags":[],"class_list":["post-111052","post","type-post","status-publish","format-standard","hentry","category-actualite","category-tunisie"],"_links":{"self":[{"href":"https:\/\/linitiative.ca\/International\/wp-json\/wp\/v2\/posts\/111052","targetHints":{"allow":["GET"]}}],"collection":[{"href":"https:\/\/linitiative.ca\/International\/wp-json\/wp\/v2\/posts"}],"about":[{"href":"https:\/\/linitiative.ca\/International\/wp-json\/wp\/v2\/types\/post"}],"author":[{"embeddable":true,"href":"https:\/\/linitiative.ca\/International\/wp-json\/wp\/v2\/users\/1773"}],"replies":[{"embeddable":true,"href":"https:\/\/linitiative.ca\/International\/wp-json\/wp\/v2\/comments?post=111052"}],"version-history":[{"count":0,"href":"https:\/\/linitiative.ca\/International\/wp-json\/wp\/v2\/posts\/111052\/revisions"}],"wp:attachment":[{"href":"https:\/\/linitiative.ca\/International\/wp-json\/wp\/v2\/media?parent=111052"}],"wp:term":[{"taxonomy":"category","embeddable":true,"href":"https:\/\/linitiative.ca\/International\/wp-json\/wp\/v2\/categories?post=111052"},{"taxonomy":"post_tag","embeddable":true,"href":"https:\/\/linitiative.ca\/International\/wp-json\/wp\/v2\/tags?post=111052"}],"curies":[{"name":"wp","href":"https:\/\/api.w.org\/{rel}","templated":true}]}}