{"id":111053,"date":"2021-02-11T11:00:00","date_gmt":"2021-02-11T16:00:00","guid":{"rendered":"https:\/\/linitiative.ca\/International\/von-der-leyen-admet-des-defaillances-de-lue\/"},"modified":"2021-02-11T11:00:00","modified_gmt":"2021-02-11T16:00:00","slug":"von-der-leyen-admet-des-defaillances-de-lue","status":"publish","type":"post","link":"https:\/\/linitiative.ca\/International\/von-der-leyen-admet-des-defaillances-de-lue\/","title":{"rendered":"Von der Leyen admet des d\u00e9faillances de l&rsquo;UE"},"content":{"rendered":"<p class=\"p1 c4\"><span class=\"c3\"><span class=\"c2\"><strong>Le Temps- Agences- Ursula von der Leyen a reconnu hier des d\u00e9faillances de la part de l&rsquo;Union europ\u00e9enne dans la lutte contre le coronavirus en admettant que le bloc avait pris du retard dans la campagne de vaccination.<\/strong><\/span><\/span><\/p>\n<p class=\"p1 c5\"><span class=\"c3\"><span class=\"c2\">La pr\u00e9sidente de la Commission europ\u00e9enne \u00e9tait invit\u00e9e \u00e0 s&rsquo;exprimer devant les eurod\u00e9put\u00e9s apr\u00e8s avoir \u00e9t\u00e9 vivement critiqu\u00e9e sur deux points : la lenteur de la distribution des vaccins contre le COVID-19, dont elle a coordonn\u00e9 les achats, et le contr\u00f4le des exportations de vaccins de l&rsquo;Irlande vers l&rsquo;Irlande du Nord, auquel elle a quasi imm\u00e9diatement renonc\u00e9 face aux r\u00e9actions scandalis\u00e9es aussi bien \u00e0 Londres qu&rsquo;\u00e0 Dublin et Belfast sur le r\u00e9tablissement d&rsquo;une fronti\u00e8re physique sur l&rsquo;\u00eele.<\/span><\/span><\/p>\n<p class=\"p1 c5\"><span class=\"c3\"><span class=\"c2\">Avec les retards de livraisons et les passes d&rsquo;armes avec les laboratoires, notamment AstraZeneca, Ursula von der Leyen a d\u00e9clar\u00e9 que 26 millions de doses de vaccins avaient d\u00e9sormais \u00e9t\u00e9 r\u00e9parties entre les 27 pays de l&rsquo;UE et que 70% des adultes europ\u00e9ens devraient avoir \u00e9t\u00e9 vaccin\u00e9s d&rsquo;ici la fin de l&rsquo;\u00e9t\u00e9.<\/span><\/span><\/p>\n<p class=\"p1 c5\"><span class=\"c3\"><span class=\"c2\">\u00ab\u00a0Et cependant, c&rsquo;est un fait que nous ne sommes pas aujourd&rsquo;hui l\u00e0 o\u00f9 nous voudrions \u00eatre dans la lutte contre le coronavirus\u00a0\u00bb, a-t-elle dit devant le Parlement europ\u00e9en.<\/span><\/span><\/p>\n<p class=\"p1 c5\"><span class=\"c3\"><span class=\"c2\">\u00ab\u00a0Nous avons \u00e9t\u00e9 en retard avec l&rsquo;approbation (des vaccins). Nous avons \u00e9t\u00e9 trop optimistes sur la production de masse. Et peut-\u00eatre avons-nous eu aussi trop de certitudes sur le fait que les commandes seraient effectivement livr\u00e9es dans les temps\u00a0\u00bb, a-t-elle ajout\u00e9.<\/span><\/span><\/p>\n<p class=\"p1 c5\"><span class=\"c3\"><span class=\"c2\">La pr\u00e9sidente de la Commission a aussi admis qu&rsquo;une succession d&rsquo;erreurs avait conduit \u00e0 la d\u00e9cision de contr\u00f4ler les exportations de vaccins.<\/span><\/span><\/p>\n<p class=\"p1 c5\"><span class=\"c3\"><span class=\"c2\">Ursula von der Leyen a n\u00e9anmoins d\u00e9fendu la centralisation des commandes de vaccins par la Commission, qui a ainsi \u00e9vit\u00e9 selon elle une situation injuste dans laquelle quelques grands pays auraient pu profiter de leur puissance pour s&rsquo;octroyer les doses disponibles.<\/span><\/span><\/p>\n<p class=\"p1 c5\"><span class=\"c3\"><span class=\"c2\">Elle a aussi jug\u00e9 que l&rsquo;UE ne pouvait pas se permettre de pr\u00e9cipiter ses proc\u00e9dures de validation de vaccin, quitte \u00e0 ce que cela lui fasse perdre trois ou quatre semaines sur d&rsquo;autres pays.<\/span><\/span><\/p>\n<p class=\"p1 c4\">\u00a0<\/p>\n<p class=\"p1 c5\"><span class=\"c3\"><span class=\"c2\">L&rsquo;UE va mettre en place un nouveau r\u00e9seau d&rsquo;essais cliniques afin de fournir plus rapidement des donn\u00e9es aux autorit\u00e9s de r\u00e9gulation ainsi qu&rsquo;un groupe de travail charg\u00e9 d&rsquo;acc\u00e9l\u00e9rer la production de vaccins, a annonc\u00e9 la pr\u00e9sidente de la Commission.<\/span><\/span><\/p>\n<p>Auteur: letemps1<br \/>\n<a href=\"http:\/\/www.letemps.com.tn\/article\/119233\/von-der-leyen-admet-des-d%C3%A9faillances-de-lue\">Cliquez ici pour lire l&rsquo;article depuis sa source.<\/a><\/p>\n","protected":false},"excerpt":{"rendered":"<p>Le Temps- Agences- Ursula von der Leyen a reconnu hier des d\u00e9faillances de la part de l&rsquo;Union europ\u00e9enne dans la lutte contre le coronavirus en admettant que le bloc avait pris du retard dans la campagne de vaccination. La pr\u00e9sidente de la Commission europ\u00e9enne \u00e9tait invit\u00e9e \u00e0 s&rsquo;exprimer devant les eurod\u00e9put\u00e9s apr\u00e8s avoir \u00e9t\u00e9 vivement [&hellip;]<\/p>\n","protected":false},"author":1773,"featured_media":0,"comment_status":"closed","ping_status":"closed","sticky":false,"template":"","format":"standard","meta":{"fifu_image_url":"","fifu_image_alt":"","footnotes":""},"categories":[73,55],"tags":[],"class_list":["post-111053","post","type-post","status-publish","format-standard","hentry","category-actualite","category-tunisie"],"_links":{"self":[{"href":"https:\/\/linitiative.ca\/International\/wp-json\/wp\/v2\/posts\/111053","targetHints":{"allow":["GET"]}}],"collection":[{"href":"https:\/\/linitiative.ca\/International\/wp-json\/wp\/v2\/posts"}],"about":[{"href":"https:\/\/linitiative.ca\/International\/wp-json\/wp\/v2\/types\/post"}],"author":[{"embeddable":true,"href":"https:\/\/linitiative.ca\/International\/wp-json\/wp\/v2\/users\/1773"}],"replies":[{"embeddable":true,"href":"https:\/\/linitiative.ca\/International\/wp-json\/wp\/v2\/comments?post=111053"}],"version-history":[{"count":0,"href":"https:\/\/linitiative.ca\/International\/wp-json\/wp\/v2\/posts\/111053\/revisions"}],"wp:attachment":[{"href":"https:\/\/linitiative.ca\/International\/wp-json\/wp\/v2\/media?parent=111053"}],"wp:term":[{"taxonomy":"category","embeddable":true,"href":"https:\/\/linitiative.ca\/International\/wp-json\/wp\/v2\/categories?post=111053"},{"taxonomy":"post_tag","embeddable":true,"href":"https:\/\/linitiative.ca\/International\/wp-json\/wp\/v2\/tags?post=111053"}],"curies":[{"name":"wp","href":"https:\/\/api.w.org\/{rel}","templated":true}]}}