{"id":111054,"date":"2021-02-11T11:05:00","date_gmt":"2021-02-11T16:05:00","guid":{"rendered":"https:\/\/linitiative.ca\/International\/5eme-jour-de-face-a-face-avec-les-putschistes\/"},"modified":"2021-02-11T11:05:00","modified_gmt":"2021-02-11T16:05:00","slug":"5eme-jour-de-face-a-face-avec-les-putschistes","status":"publish","type":"post","link":"https:\/\/linitiative.ca\/International\/5eme-jour-de-face-a-face-avec-les-putschistes\/","title":{"rendered":"5\u00e8me jour de face \u00e0 face avec les putschistes"},"content":{"rendered":"<p class=\"p1 c4\"><span class=\"c3\"><span class=\"c2\"><strong>Le Temps- Agences- Les Birmans ont commenc\u00e9, hier, \u00e0 descendre dans la rue pour le cinqui\u00e8me jour cons\u00e9cutif. Mardi, l&rsquo;arm\u00e9e a men\u00e9 un raid nocturne contre le si\u00e8ge de la Ligue nationale pour la d\u00e9mocratie (LND), le parti d&rsquo;Aung San Suu Kyi. Une action qui montre la d\u00e9termination des g\u00e9n\u00e9raux putschistes face aux appels \u00e0 r\u00e9tablir la d\u00e9mocratie.<\/strong><\/span><\/span><\/p>\n<p class=\"p1 c5\"><span class=\"c3\"><span class=\"c2\">T\u00f4t hier matin, plusieurs centaines de personnes ont commenc\u00e9 \u00e0 se rassembler dans le centre de Rangoun, la capitale \u00e9conomique du pays, \u00e9lectris\u00e9s, alors que la r\u00e9pression a franchi un nouveau cap mardi.<\/span><\/span><\/p>\n<p class=\"p1 c5\"><span class=\"c3\"><span class=\"c2\">Selon la LND, les militaires ont men\u00e9 un raid contre les locaux de la formation \u00e0 Rangoun. \u00ab Le dictateur militaire a investi et d\u00e9truit le quartier g\u00e9n\u00e9ral de la LND aux environs de 21h30 \u00bb (15h TU), a indiqu\u00e9 le parti sur sa page Facebook, alors qu&rsquo;avaient lieu des manifestations dans plusieurs villes, r\u00e9prim\u00e9es avec des canons \u00e0 eau et des tirs de balles en caoutchouc.<\/span><\/span><\/p>\n<p class=\"p1 c5\"><span class=\"c3\"><span class=\"c2\">L&rsquo;ONU a condamn\u00e9 l&rsquo;usage \u00ab disproportionn\u00e9 \u00bb et \u00ab inacceptable \u00bb de la force par l&rsquo;arm\u00e9e, auteure la semaine derni\u00e8re d&rsquo;un coup d&rsquo;\u00c9tat. \u00ab De nombreux protestataires ont \u00e9t\u00e9 bless\u00e9s, dont certains gravement \u00bb, d&rsquo;apr\u00e8s des rapports re\u00e7us de plusieurs villes du pays, a d\u00e9clar\u00e9 Ola Almgren, coordonnateur r\u00e9sident des Nations unies en Birmanie.<\/span><\/span><\/p>\n<p class=\"p1 c5\"><span class=\"c3\"><span class=\"c2\">Le chef de la diplomatie europ\u00e9enne, Josep Borrell, a \u00e9voqu\u00e9 l&rsquo;adoption de nouvelles sanctions contre l&rsquo;arm\u00e9e birmane. \u00ab Nous sommes en train de revoir toutes nos options \u00bb, a-t-il d\u00e9clar\u00e9 devant les eurod\u00e9put\u00e9s, soulignant toutefois que ces mesures cibl\u00e9es ne devaient pas frapper la population.<\/span><\/span><\/p>\n<p class=\"p2 c6\">\u00a0<\/p>\n<p class=\"p1 c5\"><span class=\"c3\"><span class=\"c2\">Un r\u00e9gime militaire \u00ab diff\u00e9rent \u00bb des pr\u00e9c\u00e9dents<\/span><\/span><\/p>\n<p class=\"p1 c5\"><span class=\"c3\"><span class=\"c2\">Pour l\u2019heure, il est impossible d&rsquo;obtenir une estimation du nombre de bless\u00e9s aupr\u00e8s des h\u00f4pitaux. Une femme aurait \u00e9t\u00e9 touch\u00e9e par balle \u00e0 la t\u00eate et demeurerait dans un \u00e9tat critique \u00e0 l\u2019h\u00f4pital.<span class=\"Apple-converted-space\">\u00a0<\/span><\/span><\/span><\/p>\n<p class=\"p1 c5\"><span class=\"c3\"><span class=\"c2\">On peut voir circuler sur Twitter des vid\u00e9os montrant des officiers de police laissant passer les manifestants de l&rsquo;autre c\u00f4t\u00e9 des barricades, mais aussi rejoignant les protestataires.<span class=\"Apple-converted-space\">\u00a0<\/span><\/span><\/span><\/p>\n<p class=\"p1 c5\"><span class=\"c3\"><span class=\"c2\">Ces centaines de milliers de Birmans d\u00e9filent depuis plusieurs jours \u00e0 travers le pays malgr\u00e9 un risque r\u00e9el de r\u00e9pression violente. Ils r\u00e9clament la lib\u00e9ration des personnes d\u00e9tenues, dont Aung San Suu Kyi, mais aussi la fin de la Constitution de 2008, tr\u00e8s favorable aux militaires.<span class=\"Apple-converted-space\">\u00a0<\/span><\/span><\/span><\/p>\n<p class=\"p1 c4\">\u00a0<\/p>\n<p class=\"p1 c5\"><span class=\"c3\"><span class=\"c2\">Le commandant en chef de l&rsquo;arm\u00e9e, Min Aung Hlaing, s\u2019est pour la premi\u00e8re fois exprim\u00e9 sur la cha\u00eene de l&rsquo;arm\u00e9e. Il s&rsquo;est engag\u00e9 \u00e0 \u00ab la tenue d&rsquo;\u00e9lections libres et justes \u00bb \u00e0 la fin de l&rsquo;\u00e9tat d&rsquo;urgence d&rsquo;un an et il a promis un r\u00e9gime militaire \u00ab diff\u00e9rent \u00bb des pr\u00e9c\u00e9dents.<\/span><\/span><\/p>\n<p>Auteur: letemps1<br \/>\n<a href=\"http:\/\/www.letemps.com.tn\/article\/119234\/5%C3%A8me-jour-de-face-%C3%A0-face-avec-les-putschistes\">Cliquez ici pour lire l&rsquo;article depuis sa source.<\/a><\/p>\n","protected":false},"excerpt":{"rendered":"<p>Le Temps- Agences- Les Birmans ont commenc\u00e9, hier, \u00e0 descendre dans la rue pour le cinqui\u00e8me jour cons\u00e9cutif. Mardi, l&rsquo;arm\u00e9e a men\u00e9 un raid nocturne contre le si\u00e8ge de la Ligue nationale pour la d\u00e9mocratie (LND), le parti d&rsquo;Aung San Suu Kyi. Une action qui montre la d\u00e9termination des g\u00e9n\u00e9raux putschistes face aux appels \u00e0 [&hellip;]<\/p>\n","protected":false},"author":1773,"featured_media":0,"comment_status":"closed","ping_status":"closed","sticky":false,"template":"","format":"standard","meta":{"fifu_image_url":"","fifu_image_alt":"","footnotes":""},"categories":[73,55],"tags":[],"class_list":["post-111054","post","type-post","status-publish","format-standard","hentry","category-actualite","category-tunisie"],"_links":{"self":[{"href":"https:\/\/linitiative.ca\/International\/wp-json\/wp\/v2\/posts\/111054","targetHints":{"allow":["GET"]}}],"collection":[{"href":"https:\/\/linitiative.ca\/International\/wp-json\/wp\/v2\/posts"}],"about":[{"href":"https:\/\/linitiative.ca\/International\/wp-json\/wp\/v2\/types\/post"}],"author":[{"embeddable":true,"href":"https:\/\/linitiative.ca\/International\/wp-json\/wp\/v2\/users\/1773"}],"replies":[{"embeddable":true,"href":"https:\/\/linitiative.ca\/International\/wp-json\/wp\/v2\/comments?post=111054"}],"version-history":[{"count":0,"href":"https:\/\/linitiative.ca\/International\/wp-json\/wp\/v2\/posts\/111054\/revisions"}],"wp:attachment":[{"href":"https:\/\/linitiative.ca\/International\/wp-json\/wp\/v2\/media?parent=111054"}],"wp:term":[{"taxonomy":"category","embeddable":true,"href":"https:\/\/linitiative.ca\/International\/wp-json\/wp\/v2\/categories?post=111054"},{"taxonomy":"post_tag","embeddable":true,"href":"https:\/\/linitiative.ca\/International\/wp-json\/wp\/v2\/tags?post=111054"}],"curies":[{"name":"wp","href":"https:\/\/api.w.org\/{rel}","templated":true}]}}