{"id":111057,"date":"2021-02-11T05:24:03","date_gmt":"2021-02-11T10:24:03","guid":{"rendered":"https:\/\/linitiative.ca\/International\/fusillade-de-montreal-imoula-pleure-meriem-boundaoui\/"},"modified":"2021-02-11T05:24:03","modified_gmt":"2021-02-11T10:24:03","slug":"fusillade-de-montreal-imoula-pleure-meriem-boundaoui","status":"publish","type":"post","link":"https:\/\/linitiative.ca\/International\/fusillade-de-montreal-imoula-pleure-meriem-boundaoui\/","title":{"rendered":"Fusillade de Montr\u00e9al : Imoula pleure Meriem Boundaoui"},"content":{"rendered":"<h4 class=\"title-14\"\/>\n<div class=\"featured_image\"><img loading=\"lazy\" decoding=\"async\" width=\"850\" height=\"478\" src=\"https:\/\/www.elwatan.com\/wp-content\/uploads\/2021\/02\/Meriem-Boundaoui.gif\" class=\"attachment-post-thumbnail size-post-thumbnail wp-post-image\" alt=\"Meriem Boundaoui\"\/><span class=\"featured-image-caption\">La jeune Meriem Boundaoui, victime d&rsquo;une fusillade \/ Photo : D. R.<\/span><\/div>\n<p class=\"p4\"><span class=\"s2\">L<\/span><span class=\"s3\">a fusillade qui a co\u00fbt\u00e9 la vie, le 7 f\u00e9vrier \u00e0 Montr\u00e9al (Canada), \u00e0 une jeune Alg\u00e9rienne de 15 ans, originaire du village Imoula, dans la commune de Mcisna (da\u00efra de Seddouk), 50 kilom\u00e8tres au sud de B\u00e9ja\u00efa, a produit une onde de choc jusque dans la vall\u00e9e de la Soummam.<\/span><\/p>\n<p class=\"p5\"><span class=\"s3\">On pleure la mort de Meriem Boundaoui, cadette d\u2019une fratrie de quatre filles et trois gar\u00e7ons, ravie aux siens \u00e0 la fleur de l\u2019\u00e2ge et \u00e0 l\u2019\u00e9closion de ses espoirs.<\/span><\/p>\n<p class=\"p5\"><span class=\"s3\">Selon des m\u00e9dias canadiens, la jeune Meriem a \u00e9t\u00e9 touch\u00e9e \u00e0 la t\u00eate par des balles tir\u00e9es par deux individus cagoul\u00e9s. La fusillade a eu lieu dans l\u2019arrondissement de Saint-L\u00e9onard. Le r\u00e9cit des faits a \u00e9t\u00e9 recueilli, par les m\u00eames sources, aupr\u00e8s du conducteur de la voiture dans laquelle elle se trouvait.<\/span><\/p>\n<p class=\"p5\"><span class=\"s3\">Son accompagnateur, un Alg\u00e9rien de 24 ans, de retour d\u2019une boulangerie, venait de rencontrer trois personnes, <em>\u00abdes connaissances \u00e0 lui\u00bb<\/em>, avant que n\u2019arrivent deux jeunes individus \u00e0 bord d\u2019une Mercedes qui se sont accroch\u00e9s avec le trio de personnes. La dispute s\u2019est termin\u00e9e avec le d\u00e9part des occupants de la Mercedes qui, une demi-heure plus tard, reviennent \u00e0 la charge arm\u00e9s. Ils tirent sur la voiture, qu\u2019ils ont cribl\u00e9e d\u2019une douzaine de balles, et o\u00f9 se trouvait la pauvre victime.<\/span><\/p>\n<p class=\"p5\"><span class=\"s3\">Le conducteur s\u2019en sort miraculeusement indemne, au moment o\u00f9 une balle transperce l\u2019\u0153il de la jeune Meriem, selon le t\u00e9moignage de sa s\u0153ur a\u00een\u00e9e. Transf\u00e9r\u00e9e \u00e0 l\u2019h\u00f4pital, Meriem rend l\u2019\u00e2me. Les auteurs ont fait aussi un bless\u00e9 avant de prendre la fuite. <em>\u00abNous croyons savoir qu\u2019ils sont identifi\u00e9s\u00bb,<\/em> nous affirme un membre de la famille de la victime.<\/span><\/p>\n<p class=\"p5\"><span class=\"s3\">Meriem Boundaoui \u00e9tait au Canada depuis pr\u00e8s de deux ans, rejoignant ses s\u0153urs qui s\u2019y \u00e9taient install\u00e9es depuis quatre ans. Elle vivait avec l\u2019une de ses s\u0153urs, mari\u00e9e et m\u00e8re de trois enfants, occupant un bungalow dans la municipalit\u00e9 de La Prairie, dans la Rive-Sud, soit dans la banlieue sud de la r\u00e9gion m\u00e9tropolitaine de Montr\u00e9al.<\/span><\/p>\n<p class=\"p5\"><span class=\"s3\">Cette partie montr\u00e9alaise francophone conna\u00eet une certaine concentration de la communaut\u00e9 maghr\u00e9bine, dont alg\u00e9rienne, particuli\u00e8rement par le fait de la multiplication de commerces maghr\u00e9bins, ce qui a dict\u00e9 de nommer l\u2019arrondissement de Saint-L\u00e9onard \u00abLe Petit Maghreb\u00bb.<\/span><\/p>\n<p class=\"p5\"><span class=\"s3\">Selon des sources polici\u00e8res, rapport\u00e9es par des m\u00e9dias canadiens, le meurtre <em>\u00abne serait pas li\u00e9 au crime organis\u00e9 ou aux gangs de rue\u00bb<\/em>. La ministre canadienne de la S\u00e9curit\u00e9 publique a qualifi\u00e9 le d\u00e9c\u00e8s de Meriem Boundaoui de <em>\u00abbouleversant\u00bb. \u00abElle \u00e9tait sortie acheter des g\u00e2teaux\u00bb,<\/em> a t\u00e9moign\u00e9 l\u2019une de ses s\u0153urs, accabl\u00e9e.<\/span><\/p>\n<p class=\"p5\"><span class=\"s3\"><em>\u00abElle voulait \u00eatre m\u00e9decin et travailler pour aider mon p\u00e8re. Ils ont bris\u00e9 son souhait\u00bb,<\/em> a-t-elle ajout\u00e9 \u00e9plor\u00e9e. Les t\u00e9moignages des siens d\u00e9crivent une jeune fille <em>\u00absage et calme\u00bb<\/em> et une <em>\u00abbrillante lyc\u00e9enne\u00bb<\/em>. Meriem a fait ses ann\u00e9es du moyen au coll\u00e8ge de Nac\u00e9ria, \u00e0 B\u00e9ja\u00efa-ville, avant de partir tenter sa chance en terre d\u2019exil.<\/span><\/p>\n<p class=\"p5\"><span class=\"s3\">Des membres de sa famille, des amis et autres personnes solidaires ont observ\u00e9 un recueillement sur le lieu de son assassinat, o\u00f9 l\u2019on a d\u00e9pos\u00e9 des fleurs. Un extraordinaire \u00e9lan de solidarit\u00e9 s\u2019est enclench\u00e9 au sein de la communaut\u00e9 alg\u00e9rienne \u00e9tablie au Canada et une qu\u00eate d\u2019argent a \u00e9t\u00e9 lanc\u00e9e pour financer le rapatriement de la d\u00e9pouille de la d\u00e9funte et organiser ses fun\u00e9railles \u00e0 Imoula.<\/span><\/p>\n<p class=\"p5\"><span class=\"s3\">Selon le fr\u00e8re du beau-fr\u00e8re, contact\u00e9 par nos soins, le consulat alg\u00e9rien au Canada s\u2019est engag\u00e9 \u00e0 prendre en charge le rapatriement de la d\u00e9pouille. La date a \u00e9t\u00e9 arr\u00eat\u00e9e en fin de journ\u00e9e d\u2019hier, apprenons-nous de notre interlocuteur.<\/span><\/p>\n<p class=\"p5\"><span class=\"s3\">La d\u00e9pouille sera rapatri\u00e9e via la France, \u00e0 bord d\u2019un avion de la compagnie fran\u00e7aise, avant d\u2019arriver \u00e0 Alger dimanche soir, pour \u00eatre enterr\u00e9e, probablement, le lendemain. Le coup est particuli\u00e8rement dur pour ses parents, qui vivent entre Imoula et le quartier Taghzout, \u00e0 B\u00e9ja\u00efa-ville. Sa m\u00e8re n\u2019a \u00e9t\u00e9 inform\u00e9e de la disparition tragique de sa cadette qu\u2019en fin de journ\u00e9e d\u2019hier, avons-nous appris de notre source au village Imoula.<\/span><\/p>\n<p><span class=\"post-views-label\">Post Views:<\/span> <span class=\"post-views-count\">2\u00a0141<\/span><\/p>\n<p><br class=\"c2\"\/><\/p>\n<div class=\"ichhar-moneytagnative c5\" id=\"ichhar-978167169\">\n<p>Advertisements<\/p>\n<\/div>\n<p><br class=\"c2\"\/><br class=\"c6\"\/><\/p>\n<p>Auteur: Anis Khecheba<br \/>\n<a href=\"https:\/\/www.elwatan.com\/edition\/actualite\/imoula-pleure-meriem-boundaoui-11-02-2021\">Cliquez ici pour lire l&rsquo;article depuis sa source.<\/a><\/p>\n","protected":false},"excerpt":{"rendered":"<p>La jeune Meriem Boundaoui, victime d&rsquo;une fusillade \/ Photo : D. R. La fusillade qui a co\u00fbt\u00e9 la vie, le 7 f\u00e9vrier \u00e0 Montr\u00e9al (Canada), \u00e0 une jeune Alg\u00e9rienne de 15 ans, originaire du village Imoula, dans la commune de Mcisna (da\u00efra de Seddouk), 50 kilom\u00e8tres au sud de B\u00e9ja\u00efa, a produit une onde de [&hellip;]<\/p>\n","protected":false},"author":1743,"featured_media":0,"comment_status":"closed","ping_status":"closed","sticky":false,"template":"","format":"standard","meta":{"fifu_image_url":"https:\/\/www.elwatan.com\/wp-content\/uploads\/2021\/02\/Meriem-Boundaoui.gif","fifu_image_alt":"Fusillade de Montr\u00e9al : Imoula pleure Meriem Boundaoui","footnotes":""},"categories":[73,53],"tags":[],"class_list":["post-111057","post","type-post","status-publish","format-standard","hentry","category-actualite","category-algerie"],"_links":{"self":[{"href":"https:\/\/linitiative.ca\/International\/wp-json\/wp\/v2\/posts\/111057","targetHints":{"allow":["GET"]}}],"collection":[{"href":"https:\/\/linitiative.ca\/International\/wp-json\/wp\/v2\/posts"}],"about":[{"href":"https:\/\/linitiative.ca\/International\/wp-json\/wp\/v2\/types\/post"}],"author":[{"embeddable":true,"href":"https:\/\/linitiative.ca\/International\/wp-json\/wp\/v2\/users\/1743"}],"replies":[{"embeddable":true,"href":"https:\/\/linitiative.ca\/International\/wp-json\/wp\/v2\/comments?post=111057"}],"version-history":[{"count":0,"href":"https:\/\/linitiative.ca\/International\/wp-json\/wp\/v2\/posts\/111057\/revisions"}],"wp:attachment":[{"href":"https:\/\/linitiative.ca\/International\/wp-json\/wp\/v2\/media?parent=111057"}],"wp:term":[{"taxonomy":"category","embeddable":true,"href":"https:\/\/linitiative.ca\/International\/wp-json\/wp\/v2\/categories?post=111057"},{"taxonomy":"post_tag","embeddable":true,"href":"https:\/\/linitiative.ca\/International\/wp-json\/wp\/v2\/tags?post=111057"}],"curies":[{"name":"wp","href":"https:\/\/api.w.org\/{rel}","templated":true}]}}