{"id":111058,"date":"2021-02-11T05:24:06","date_gmt":"2021-02-11T10:24:06","guid":{"rendered":"https:\/\/linitiative.ca\/International\/les-oeuvres-universitaires-leternel-projet-de-reforme\/"},"modified":"2021-02-11T05:24:06","modified_gmt":"2021-02-11T10:24:06","slug":"les-oeuvres-universitaires-leternel-projet-de-reforme","status":"publish","type":"post","link":"https:\/\/linitiative.ca\/International\/les-oeuvres-universitaires-leternel-projet-de-reforme\/","title":{"rendered":"Les \u0153uvres universitaires\u2026 l\u2019\u00e9ternel projet de r\u00e9forme"},"content":{"rendered":"<h4 class=\"title-14\">Le ministre a affirm\u00e9 que le travail de la commission tire \u00e0 sa fin<\/h4>\n<div class=\"featured_image\"><img loading=\"lazy\" decoding=\"async\" width=\"580\" height=\"350\" src=\"https:\/\/www.elwatan.com\/wp-content\/uploads\/2021\/02\/COUS.gif\" class=\"attachment-post-thumbnail size-post-thumbnail wp-post-image\" alt=\"\"\/><span class=\"featured-image-caption\">Photo : D. R.<\/span><\/div>\n<p class=\"p1\"><span class=\"s2\"><strong>La col\u00e8re de la communaut\u00e9 estudiantine augmente de jour en jour<\/strong><\/span> <span class=\"s1\">n<\/span> <span class=\"s2\"><strong>Le drame survenu samedi dernier \u00e0 Ouled Fayet n\u2019a fait que rappeler les conditions difficiles dans lesquelles vivent beaucoup d\u2019\u00e9tudiants alg\u00e9riens.<\/strong><\/span><\/p>\n<p class=\"p1\"><span class=\"s3\"><strong>L<\/strong><\/span><span class=\"s3\">a communaut\u00e9 universitaire est en \u00e9bullition. Depuis le d\u00e9c\u00e8s, samedi dernier, de l\u2019\u00e9tudiante Bekkouche Nac\u00e9ra, suite \u00e0 un incendie, qui s\u2019est d\u00e9clench\u00e9 dans sa chambre, \u00e0 la r\u00e9sidence universitaire de Ouled Fayet, des rassemblements sont tenus quotidiennement, en soir\u00e9e, au niveau de certaines cit\u00e9s.<\/span><\/p>\n<p class=\"p5\"><span class=\"s3\">Des gr\u00e8ves sont m\u00eame envisag\u00e9es. Les protestataires r\u00e9clament une meilleure prise en charge, notamment, pour ce qui est de l\u2019h\u00e9bergement et de la restauration. Chaque jour, des \u00e9tudiants, gar\u00e7ons ou filles, t\u00e9moignent sur les r\u00e9seaux sociaux des conditions difficiles dans lesquelles ils suivent leur cursus. Certains d\u2019entre eux publient des photos des plats qui leur sont distribu\u00e9s.<\/span><\/p>\n<p class=\"p5\"><span class=\"s3\">D\u2019autres les accompagnent d\u2019un commentaire ironique relatif \u00e0 la d\u00e9claration du responsable r\u00e9gional de l\u2019Office des \u0153uvres universitaires qui avait d\u00e9clar\u00e9, au lendemain de ce tragique accident, que <em>\u00ables plats distribu\u00e9s aux \u00e9tudiants, il ne pouvait pas se les permettre chez lui\u00bb<\/em>. La col\u00e8re ne semble pas s\u2019estomper au fil des jours, m\u00eame si l\u2019Office national des \u0153uvres universitaires a relev\u00e9 de ses fonctions Seif Eddine Hadji, le directeur de la cit\u00e9 universitaire Ouled Fayet II, o\u00f9 a eu lieu l\u2019accident.<\/span><\/p>\n<p class=\"p5\"><span class=\"s3\">Les \u00e9tudiants ayant jug\u00e9 que ce dernier n\u2019aurait pas pu avoir lieu s\u2019ils b\u00e9n\u00e9ficiaient des conditions qui ne les obligeraient pas \u00e0 utiliser des r\u00e9sistances ou des bouteilles de gaz dans leurs chambres pour pr\u00e9parer leurs repas.<\/span><\/p>\n<p class=\"p5\"><span class=\"s3\">M\u00eame les propos tenus par le ministre de l\u2019Enseignement sup\u00e9rieur et de la Recherche scientifique, Abdelbaki Benziane, qui a affirm\u00e9, dimanche, au lendemain du d\u00e9c\u00e8s de l\u2019\u00e9tudiante, que <em>\u00abdes mesures seront prises dans le cas o\u00f9 les r\u00e9sultats de l\u2019enqu\u00eate r\u00e9v\u00e8lent un quelconque manquement\u00bb,<\/em> ne semblent pas les convaincre.<\/span><\/p>\n<p class=\"p5\"><span class=\"s3\">Celui-ci avait \u00e9galement tenu \u00e0 rappeler que <em>\u00able travail de la commission charg\u00e9e du projet de la r\u00e9forme des \u0153uvres universitaires, tire \u00e0 sa fin et sera remis au pr\u00e9sident de la R\u00e9publique et au Premier ministre\u00bb<\/em>. Un <em>\u00abprofond\u00bb<\/em> projet <em>\u00abqui prendra en consid\u00e9ration tout ce qui concerne les bourses, l\u2019h\u00e9bergement, le transport et la restauration\u00bb<\/em>, \u00e9voqu\u00e9 depuis le mois d\u2019octobre dernier et qui, comme l\u2019a annonc\u00e9 le ministre lui-m\u00eame le mois pass\u00e9, <em>\u00abdevrait \u00eatre pr\u00eat avant la fin de l\u2019ann\u00e9e\u00bb<\/em>. Il faut dire que le d\u00e9bat autour des \u0153uvres universitaires revient \u00e0 chaque fois.<\/span><\/p>\n<p class=\"p5\"><span class=\"s3\">L\u2019ann\u00e9e pass\u00e9e, des rumeurs avaient circul\u00e9 \u00e0 propos d\u2019une \u00e9ventuelle hausse de la bourse estudiantine qui est de 4050, 3600 ou 2700 DA,selon le revenu annuel global des parents, par trimestre. Une somme d\u00e9risoire qui ne pourrait jamais couvrir les d\u00e9penses des \u00e9tudiants et leur permettre de mener une vie estudiantine d\u00e9cente.<\/span><\/p>\n<p class=\"p5\"><span class=\"s3\">Finalement, le minist\u00e8re de l\u2019Enseignement sup\u00e9rieur avait d\u00e9menti l\u2019information, tout en laissant la porte ouverte \u00e0 cette \u00e9ventualit\u00e9. Au mois de mai, le P<sup>r<\/sup> Chemseddine Chitour, alors ministre de l\u2019Enseignement sup\u00e9rieur, avait laiss\u00e9 entendre que plusieurs sc\u00e9narios sont envisag\u00e9s pour am\u00e9liorer les conditions des \u00e9tudiants, dont la valorisation de la bourse. Au m\u00eame moment, a-t-il ajout\u00e9, les frais de repas (1,20 DA) et d\u2019h\u00e9bergement (50 DA mois) ne peuvent \u00eatre maintenus en l\u2019\u00e9tat.<\/span><\/p>\n<p class=\"p5\"><span class=\"s3\">Quelle est l\u2019option qui sera choisie ? Les ministres qui se sont succ\u00e9d\u00e9 \u00e0 ce poste, tout en promettant une meilleure prise en charge pour les \u00e9tudiants, n\u2019ont pas donn\u00e9 plus de d\u00e9tails. Entre-temps, la col\u00e8re de la communaut\u00e9 estudiantine monte de jour en jour. Le drame survenu samedi dernier \u00e0 Ouled Fayet n\u2019a fait que rappeler les conditions difficiles dans lesquelles vivent beaucoup d\u2019\u00e9tudiants alg\u00e9riens.<\/span><\/p>\n<p><span class=\"post-views-label\">Post Views:<\/span> <span class=\"post-views-count\">205<\/span><\/p>\n<p><br class=\"c2\"\/><\/p>\n<div class=\"ichhar-moneytagnative c5\" id=\"ichhar-1900412862\">\n<p>Advertisements<\/p>\n<\/div>\n<p><br class=\"c2\"\/><br class=\"c6\"\/><\/p>\n<p>Auteur: Anis Khecheba<br \/>\n<a href=\"https:\/\/www.elwatan.com\/edition\/actualite\/les-oeuvres-universitaires-leternel-projet-de-reforme-11-02-2021\">Cliquez ici pour lire l&rsquo;article depuis sa source.<\/a><\/p>\n","protected":false},"excerpt":{"rendered":"<p>Le ministre a affirm\u00e9 que le travail de la commission tire \u00e0 sa fin Photo : D. R. La col\u00e8re de la communaut\u00e9 estudiantine augmente de jour en jour n Le drame survenu samedi dernier \u00e0 Ouled Fayet n\u2019a fait que rappeler les conditions difficiles dans lesquelles vivent beaucoup d\u2019\u00e9tudiants alg\u00e9riens. La communaut\u00e9 universitaire est [&hellip;]<\/p>\n","protected":false},"author":1743,"featured_media":0,"comment_status":"closed","ping_status":"closed","sticky":false,"template":"","format":"standard","meta":{"fifu_image_url":"https:\/\/www.elwatan.com\/wp-content\/uploads\/2021\/02\/COUS.gif","fifu_image_alt":"Les \u0153uvres universitaires\u2026 l\u2019\u00e9ternel projet de r\u00e9forme","footnotes":""},"categories":[73,53],"tags":[],"class_list":["post-111058","post","type-post","status-publish","format-standard","hentry","category-actualite","category-algerie"],"_links":{"self":[{"href":"https:\/\/linitiative.ca\/International\/wp-json\/wp\/v2\/posts\/111058","targetHints":{"allow":["GET"]}}],"collection":[{"href":"https:\/\/linitiative.ca\/International\/wp-json\/wp\/v2\/posts"}],"about":[{"href":"https:\/\/linitiative.ca\/International\/wp-json\/wp\/v2\/types\/post"}],"author":[{"embeddable":true,"href":"https:\/\/linitiative.ca\/International\/wp-json\/wp\/v2\/users\/1743"}],"replies":[{"embeddable":true,"href":"https:\/\/linitiative.ca\/International\/wp-json\/wp\/v2\/comments?post=111058"}],"version-history":[{"count":0,"href":"https:\/\/linitiative.ca\/International\/wp-json\/wp\/v2\/posts\/111058\/revisions"}],"wp:attachment":[{"href":"https:\/\/linitiative.ca\/International\/wp-json\/wp\/v2\/media?parent=111058"}],"wp:term":[{"taxonomy":"category","embeddable":true,"href":"https:\/\/linitiative.ca\/International\/wp-json\/wp\/v2\/categories?post=111058"},{"taxonomy":"post_tag","embeddable":true,"href":"https:\/\/linitiative.ca\/International\/wp-json\/wp\/v2\/tags?post=111058"}],"curies":[{"name":"wp","href":"https:\/\/api.w.org\/{rel}","templated":true}]}}