{"id":111059,"date":"2021-02-11T05:25:34","date_gmt":"2021-02-11T10:25:34","guid":{"rendered":"https:\/\/linitiative.ca\/International\/la-detention-de-hamid-melzi-et-de-khalida-toumi-prolongee-de-4-mois\/"},"modified":"2021-02-11T05:25:34","modified_gmt":"2021-02-11T10:25:34","slug":"la-detention-de-hamid-melzi-et-de-khalida-toumi-prolongee-de-4-mois","status":"publish","type":"post","link":"https:\/\/linitiative.ca\/International\/la-detention-de-hamid-melzi-et-de-khalida-toumi-prolongee-de-4-mois\/","title":{"rendered":"La d\u00e9tention de Hamid Melzi et de Khalida Toumi prolong\u00e9e de 4 mois"},"content":{"rendered":"<h4 class=\"title-14\">Alors qu\u2019ils sont en prison depuis plus d\u2019un an<\/h4>\n<div class=\"featured_image\"><img loading=\"lazy\" decoding=\"async\" width=\"567\" height=\"414\" src=\"https:\/\/www.elwatan.com\/wp-content\/uploads\/2021\/02\/Melzi-toumi.gif\" class=\"attachment-post-thumbnail size-post-thumbnail wp-post-image\" alt=\"\"\/><span class=\"featured-image-caption\">Photo : D. R. &#8211; Hamid Melzi &#8211; Khalida Toumi<\/span><\/div>\n<p class=\"p4\"><span class=\"s3\"><strong>La chambre d\u2019accusation pr\u00e8s la cour d\u2019Alger a prolong\u00e9 de quatre mois la d\u00e9tention provisoire de l\u2019ancienne ministre de la Culture, Khalida Toumi, et l\u2019ex-directeur g\u00e9n\u00e9ral de l\u2019entreprise Sahel de gestion de la zone d\u2019Etat de Club des Pins et de Moretti, Hamid Melzi. Les deux sont incarc\u00e9r\u00e9s, pour Khalida Toumi, depuis 15 mois et pour Melzi, depuis 21 mois.<\/strong><\/span><\/p>\n<p class=\"p6\"><span class=\"s3\"><strong>L<\/strong><\/span><span class=\"s3\">ex-PDG de la SIH (Soci\u00e9t\u00e9 d\u2019investissement h\u00f4telier), responsable de la gestion des r\u00e9sidences d\u2019Etat, de Club des Pins et de Moretti, Hamid Melzi, ainsi que l\u2019ex-ministre de la Culture, Khalida Toumi, vontdevoir rester encore quatre mois en prison.<\/span><\/p>\n<p class=\"p7\"><span class=\"s3\">La chambre d\u2019accusation pr\u00e8s la cour d\u2019Alger a d\u00e9cid\u00e9, mardi dernier, de prolonger leur d\u00e9tention, \u00e0 la demande des juges d\u2019instruction, charg\u00e9s de leurs affaires, au niveau du p\u00f4le financier pr\u00e8s le tribunal de Sidi M\u2019hamed, \u00e0 Alger.<\/span><\/p>\n<p class=\"p7\"><span class=\"s3\">Les demandes de ces derniers ont \u00e9t\u00e9 introduites, nous, apprend-on de source judiciaire, en raison du non-retour des r\u00e9ponses des commissions rogatoires, d\u00e9livr\u00e9es \u00e0 des pays \u00e9trangers. M<sup>e<\/sup> Miloud Brahimi se dit <em>\u00abscandalis\u00e9\u00bb<\/em>, m\u00eame si, ajoute-t-il, la loi permet \u00e0 la chambre d\u2019accusation d\u2019aller au-del\u00e0 des d\u00e9lais de d\u00e9tention pr\u00e9vus, en cas de non-r\u00e9ponses aux commissions rogatoires.<\/span><\/p>\n<p class=\"p7\"><span class=\"s3\">Il est important de rappeler que l\u2019ex-ministre de la Culture, Khalida Toumi, a \u00e9t\u00e9 plac\u00e9e en d\u00e9tention provisoire le 4 novembre 2019, par le magistrat conseiller pr\u00e8s la Cour supr\u00eame, pour \u00aboctroi d\u2019indus avantages dans les march\u00e9s publics\u00bb, \u00ababus de fonction en accomplissant un acte en violation de la loi\u00bb, des accusations qui concernent la r\u00e9alisation des manifestations \u00abAlger, capitale de la culture arabe en 2007\u00bb, le \u00abFestival panafricain en 2009\u00bb, \u00abTlemcen, capitale de la culture islamique en 2011\u00bb.<\/span><\/p>\n<p class=\"p7\"><span class=\"s3\">Le 4 juillet dernier, alors qu\u2019elle bouclait ses huit mois de d\u00e9tention, ses avocats ont interpell\u00e9 le pr\u00e9sident de la R\u00e9publique, <em>\u00aben tant que premier magistrat du pays, garant du respect des lois\u00bb<\/em>, pour d\u00e9noncer des <em>\u00abviolations d\u2019une extr\u00eame gravit\u00e9\u00bb<\/em> et <em>\u00abune d\u00e9tention ill\u00e9gale\u00bb<\/em> qui d\u00e9passe, selon eux, largement le d\u00e9lai pr\u00e9vu par le code de proc\u00e9dure p\u00e9nale, et l\u2019exhortent de lui permettre de retrouver son <em>\u00abdroit \u00e0 la libert\u00e9\u00bb<\/em>.<\/span><\/p>\n<p class=\"p7\"><span class=\"s3\">Compos\u00e9 des M<sup>es<\/sup> Fatiha Chellouch, Miloud Brahimi, Boudjemaa Ghechir et Anouar Tassabasset, le collectif fait \u00e9tat de <em>\u00abviolations d\u2019une extr\u00eame gravit\u00e9\u00bb,<\/em> et demande l\u2019intervention du Pr\u00e9sident pour <em>\u00abgarantir\u00bb<\/em> \u00e0 l\u2019ex-ministre de la Culture son <em>\u00abdroit \u00e0 la libert\u00e9\u00bb,<\/em> consacr\u00e9 par la loi, tout en expliquant que cette intervention <em>\u00abne saurait en aucun cas \u00eatre interpr\u00e9t\u00e9e comme une interf\u00e9rence dans le fonctionnement de la justice\u00bb<\/em>, parce qu\u2019elle ne <em>\u00abtouche ni le fond<\/em> <em>de l\u2019instruction ni les accusations\u00bb<\/em>, mais <em>\u00abconcerne uniquement le respect de la loi et la concr\u00e9tisation de la cr\u00e9dibilit\u00e9 des actes de l\u2019administration de la justice\u00bb<\/em>.<\/span><\/p>\n<p class=\"p7\"><span class=\"s3\">Pour les avocats, <em>\u00abla d\u00e9tention ne peut exc\u00e9der les huit mois, comme pr\u00e9vu par l\u2019article 125 du code de proc\u00e9dure p\u00e9nale\u00bb<\/em>, qui stipule qu\u2019en mati\u00e8re d\u00e9lictuelle, \u00abla d\u00e9tention provisoire ne peut exc\u00e9der 4 mois, et s\u2019il s\u2019av\u00e8re n\u00e9cessaire de maintenir l\u2019inculp\u00e9 en d\u00e9tention, le juge d\u2019instruction peut, apr\u00e8s avis motiv\u00e9 du procureur de la R\u00e9publique, la prolonger par ordonnance une seule fois pour quatre autres mois\u00bb. Le cri de col\u00e8re n\u2019a pas eu d\u2019\u00e9cho, puisque, depuis, Khalida Toumi a pass\u00e9 sept autres mois, prolong\u00e9s depuis mardi dernier de quatre mois suppl\u00e9mentaires.<\/span><\/p>\n<p class=\"p7\"><span class=\"s3\">Il en est de m\u00eame pour Hamid Melzi, plac\u00e9 sous mandat de d\u00e9p\u00f4t le 7 mai 2019, d\u2019abord pour \u00abespionnage \u00e9conomique\u00bb, avant que d\u2019autres chefs d\u2019inculpation, li\u00e9s \u00e0 la gestion des r\u00e9sidences d\u2019Etat de Moretti et de Club des Pins, et l\u2019attribution suspecte de contrats de r\u00e9alisation \u00e0 plus plusieurs soci\u00e9t\u00e9s, poursuivies en tant que personnes morales, ainsi que les liens pr\u00e9sum\u00e9s entre l\u2019enrichissement de ses quatre enfants et son \u00e9pouse, avec ces march\u00e9s. Ses quatre enfants avaient \u00e9t\u00e9 lib\u00e9r\u00e9s, alors que lui a \u00e9t\u00e9 maintenu en prison.<\/span><\/p>\n<p class=\"p7\"><span class=\"s3\">La chambre d\u2019accusation a prolong\u00e9 sa d\u00e9tention de quatre mois, alors qu\u2019il venait de boucler vingt et un mois d\u2019incarc\u00e9ration. Les cas de Khalida Toumi et de Hamid Melzi, ne sont pas isol\u00e9s et remettent sur le tapis le probl\u00e8me de la d\u00e9tention provisoire, devenue un r\u00e8gle g\u00e9n\u00e9rale, alors que le code de proc\u00e9dure l\u00e9gale la pr\u00e9sente comme \u00e9tant une mesure exceptionnelle.<\/span><\/p>\n<p class=\"p7\"><span class=\"s3\">De nombreux jeunes hirakistes sont en attente de proc\u00e8s depuis plus d\u2019un an, alors que les deux candidats \u00e0 l\u2019\u00e9lection pr\u00e9sidentielle avort\u00e9e d\u2019avril 2019, Rachid Nekkaz et Ali Ghediri, sont en d\u00e9tention provisoire depuis plus de 22 mois, pour Ali Ghediri, malgr\u00e9 l\u2019annulation par la Cour supr\u00eame, des chefs d\u2019inculpation valid\u00e9s par la chambre d\u2019accusation pr\u00e8s la cour d\u2019Alger, et de 14 mois, pour Rachid Nekkaz, qui a \u00e9t\u00e9, en d\u00e9pit de sa lourde maladie, transf\u00e9r\u00e9 vers une prison au sud du pays. Des mesures d\u00e9nonc\u00e9es par de nombreux avocats, qui les qualifient <em>\u00abd\u2019abusives\u00bb<\/em>.<\/span><\/p>\n<blockquote readability=\"30\">\n<p class=\"p10\"><strong><span class=\"s1\">Absence de Sa\u00efd Bouteflika aux fun\u00e9railles de son fr\u00e8re :\u00a0<\/span><span class=\"s4\">Sa demande a \u00e9t\u00e9 rejet\u00e9e par l\u2019autorit\u00e9 judiciaire<\/span><\/strong><\/p>\n<p class=\"p13\"><span class=\"s3\">Incarc\u00e9r\u00e9 \u00e0 la prison d\u2019El Harrach, \u00e0 Alger, Sa\u00efd Bouteflika, fr\u00e8re conseiller du Pr\u00e9sident d\u00e9chu, n\u2019a pas assist\u00e9 \u00e0 l\u2019enterrement de son fr\u00e8re, l\u2019avocat Abdelghani, lundi dernier, \u00e0 Alger, en raison du refus que lui a oppos\u00e9 l\u2019autorit\u00e9 judiciaire.<\/span><\/p>\n<p class=\"p13\"><span class=\"s3\">D\u00e9c\u00e9d\u00e9 le 8 f\u00e9vrier dernier \u00e0 la suite d\u2019une longue maladie, Abdelghani Bouteflika a \u00e9t\u00e9 enterr\u00e9 en pr\u00e9sence de son fr\u00e8re Nacer, de nombreux avocats et de sa proche famille, au cimeti\u00e8re de Ben Aknoun, \u00e0 Alger.<\/span><\/p>\n<p class=\"p13\"><span class=\"s3\">Poursuivi et incarc\u00e9r\u00e9 pour des affaires de droit commun, Sa\u00efd Bouteflika n\u2019a pu avoir l\u2019autorisation pour accompagner son fr\u00e8re \u00e0 sa derni\u00e8re demeure. <em><strong>S. T.<\/strong><\/em><\/span><\/p>\n<\/blockquote>\n<p><span class=\"post-views-label\">Post Views:<\/span> <span class=\"post-views-count\">1\u00a0768<\/span><\/p>\n<p><br class=\"c2\"\/><\/p>\n<div class=\"ichhar-moneytagnative c5\" id=\"ichhar-1503060567\">\n<p>Advertisements<\/p>\n<\/div>\n<p><br class=\"c2\"\/><br class=\"c6\"\/><\/p>\n<p>Auteur: Anis Khecheba<br \/>\n<a href=\"https:\/\/www.elwatan.com\/edition\/actualite\/la-detention-de-hamid-melzi-et-de-khalida-toumi-prolongee-de-4-mois-11-02-2021\">Cliquez ici pour lire l&rsquo;article depuis sa source.<\/a><\/p>\n","protected":false},"excerpt":{"rendered":"<p>Alors qu\u2019ils sont en prison depuis plus d\u2019un an Photo : D. R. &#8211; Hamid Melzi &#8211; Khalida Toumi La chambre d\u2019accusation pr\u00e8s la cour d\u2019Alger a prolong\u00e9 de quatre mois la d\u00e9tention provisoire de l\u2019ancienne ministre de la Culture, Khalida Toumi, et l\u2019ex-directeur g\u00e9n\u00e9ral de l\u2019entreprise Sahel de gestion de la zone d\u2019Etat de [&hellip;]<\/p>\n","protected":false},"author":1743,"featured_media":0,"comment_status":"closed","ping_status":"closed","sticky":false,"template":"","format":"standard","meta":{"fifu_image_url":"https:\/\/www.elwatan.com\/wp-content\/uploads\/2021\/02\/Melzi-toumi.gif","fifu_image_alt":"La d\u00e9tention de Hamid Melzi et de Khalida Toumi prolong\u00e9e de 4 mois","footnotes":""},"categories":[73,53],"tags":[],"class_list":["post-111059","post","type-post","status-publish","format-standard","hentry","category-actualite","category-algerie"],"_links":{"self":[{"href":"https:\/\/linitiative.ca\/International\/wp-json\/wp\/v2\/posts\/111059","targetHints":{"allow":["GET"]}}],"collection":[{"href":"https:\/\/linitiative.ca\/International\/wp-json\/wp\/v2\/posts"}],"about":[{"href":"https:\/\/linitiative.ca\/International\/wp-json\/wp\/v2\/types\/post"}],"author":[{"embeddable":true,"href":"https:\/\/linitiative.ca\/International\/wp-json\/wp\/v2\/users\/1743"}],"replies":[{"embeddable":true,"href":"https:\/\/linitiative.ca\/International\/wp-json\/wp\/v2\/comments?post=111059"}],"version-history":[{"count":0,"href":"https:\/\/linitiative.ca\/International\/wp-json\/wp\/v2\/posts\/111059\/revisions"}],"wp:attachment":[{"href":"https:\/\/linitiative.ca\/International\/wp-json\/wp\/v2\/media?parent=111059"}],"wp:term":[{"taxonomy":"category","embeddable":true,"href":"https:\/\/linitiative.ca\/International\/wp-json\/wp\/v2\/categories?post=111059"},{"taxonomy":"post_tag","embeddable":true,"href":"https:\/\/linitiative.ca\/International\/wp-json\/wp\/v2\/tags?post=111059"}],"curies":[{"name":"wp","href":"https:\/\/api.w.org\/{rel}","templated":true}]}}