{"id":111062,"date":"2021-02-11T03:30:00","date_gmt":"2021-02-11T08:30:00","guid":{"rendered":"https:\/\/linitiative.ca\/International\/rafaa-ben-achour-moncer-rouissi-lintellectuel-lhomme-detat-et-le-patriote-tunisien-album-photos\/"},"modified":"2021-02-11T03:30:00","modified_gmt":"2021-02-11T08:30:00","slug":"rafaa-ben-achour-moncer-rouissi-lintellectuel-lhomme-detat-et-le-patriote-tunisien-album-photos","status":"publish","type":"post","link":"https:\/\/linitiative.ca\/International\/rafaa-ben-achour-moncer-rouissi-lintellectuel-lhomme-detat-et-le-patriote-tunisien-album-photos\/","title":{"rendered":"Rafa\u00e2 Ben Achour: Moncer Rouissi, l\u2019intellectuel, l\u2019homme d\u2019Etat et le patriote Tunisien&#8230; (Album Photos)"},"content":{"rendered":"<p><strong><img decoding=\"async\" src=\"\/uploads\/FCK_files\/Rafaa-Ben-Achour(4).jpg\" alt=\"\" width=\"15%\" vspace=\"5\" hspace=\"5\" align=\"right\"\/>La Tunisie a perdu le 5 janvier 2020 l\u2019un de ses cadres professionnellement les plus comp\u00e9tents et humainement les plus attachants. Il s\u2019agit du tr\u00e8s regrett\u00e9 Moncer Rouissi (9 septembre 1940-5 janvier 2021). L\u00e0 o\u00f9 il est pass\u00e9 (minist\u00e8res de la Culture, des Affaires sociales, de l\u2019Emploi et de la Formation professionnelle, de l\u2019Education, ambassade de Tunisie \u00e0 Paris, Haut comit\u00e9 des droits de l\u2019homme et des libert\u00e9s fondamentales), il a marqu\u00e9 de son empreinte le d\u00e9partement et a nou\u00e9 avec ses collaborateurs des rapports tr\u00e8s particuliers de camaraderie, \u00e0 la fois d\u00e9tendue et respectueuse, s\u00e9rieuse et studieuse. Il \u00e9tait un travailleur infatigable passant souvent plus de douze heures dans son bureau, m\u00eame les week-ends, prenant rarement un cong\u00e9 annuel de plus de trois jours.<\/strong><\/p>\n<p>J\u2019ai personnellement bien connu cet intellectuel, cet homme d\u2019Etat, ce patriote issu d\u2019une famille de grands militants nationalistes en le c\u00f4toyant en tant que secr\u00e9taire d\u2019Etat (du 3 janvier 2001 au 5 septembre 2002) aupr\u00e8s du ministre de l\u2019Education qu\u2019il \u00e9tait.<\/p>\n<p>D\u00e8s le premier jour, une relation de confiance et d\u2019estime r\u00e9ciproque s\u2019est instaur\u00e9e entre nous deux. Elle puise ses racines non seulement dans une appartenance universitaire commune, mais \u00e9galement dans des rapports entre nos p\u00e8res respectifs (Mohamed Fadhel Ben Achour et Moussa Rouissi) et entre mon p\u00e8re et l\u2019oncle maternel de Si Moncer (le grand militant Youssef Rouissi). Notre amiti\u00e9 a \u00e9volu\u00e9 au fur des ann\u00e9es pour se hisser en v\u00e9ritable fraternit\u00e9 et s\u2019est poursuivie jusqu\u2019au dernier jour.<\/p>\n<p>Nous avons \u00e9chang\u00e9 les v\u0153ux de bonne ann\u00e9e 2021 par t\u00e9l\u00e9phone le samedi 2 janvier et avons convenu de nous rencontrer dimanche (10 janvier). Je devais, lors de cette rencontre programm\u00e9e, lui remettre mon livre Propos sur la Constitution du 27 janvier 2014 sur lequel j\u2019avais r\u00e9dig\u00e9 une d\u00e9dicace le 4 janvier au soir. Le sort en a voulu autrement. Le lendemain matin, j\u2019apprenais la nouvelle de l\u2019hospitalisation de mon ami. Le soir la nouvelle fatidique m\u2019\u00e9tait communiqu\u00e9e.<\/p>\n<p>Mes relations professionnelles avec le ministre Moncer Rouissi ont \u00e9t\u00e9, gr\u00e2ce \u00e0 son intelligence, harmonieuses, compl\u00e9mentaires et surtout amicales ; ce qui \u00e9tait, absolument exceptionnel. Ailleurs, la plupart de mes autres coll\u00e8gues secr\u00e9taires d\u2019Etat avaient des relations distantes, voire conflictuelles, avec leurs ministres. Souvent, r\u00e9gnait entre le ministre et le secr\u00e9taire d\u2019Etat une lutte, voire une guerre de position ; le ministre voyant dans le secr\u00e9taire d\u2019Etat un concurrent et le secr\u00e9taire d\u2019Etat estimant que le ministre constitue un frein ou une barri\u00e8re \u00e0 son avancement.<\/p>\n<p>Ma premi\u00e8re rencontre avec Moncer Rouissi, que je ne connaissais que de r\u00e9putation et \u00e0 travers ses travaux scientifiques, a \u00e9t\u00e9 tr\u00e8s franche et honn\u00eate. Je lui ai clairement expliqu\u00e9 que je n\u2019\u00e9tais pas au minist\u00e8re pour l\u2019\u00e9carter ou prendre sa place, mais que j\u2019\u00e9tais l\u00e0 pour lui servir de \u00abpremi\u00e8re ligne de d\u00e9fense\u00bb, ce qu\u2019il appr\u00e9cia grandement \u00e0 mon sens.<\/p>\n<p>Pendant mes 19 mois pass\u00e9s aupr\u00e8s du ministre, il n\u2019y a jamais eu de clash ou de malentendu entre nous. La suspicion r\u00e9ciproque nous \u00e9tait inconnue. Contrairement \u00e0 mes coll\u00e8gues dans les autres minist\u00e8res, j\u2019avais acc\u00e8s \u00e0 l\u2019ensemble du courrier et non uniquement au courrier qui m\u2019\u00e9tait personnellement diff\u00e9r\u00e9 pour suivi, instruction ou action. Fait exceptionnel, le ministre adressa \u00e0 tous les services du minist\u00e8re une circulaire portante d\u00e9finition des comp\u00e9tences du secr\u00e9taire\u00a0 d\u2019Etat (qu\u2019il me chargea de r\u00e9diger en toute libert\u00e9). J\u2019assistais \u00e0 ses c\u00f4t\u00e9s \u00e0 toutes les r\u00e9unions, y compris avec les syndicats. Les hauts fonctionnaires du minist\u00e8re n\u2019avaient pas besoin du feu vert du ministre pour solliciter mon aval, pour collaborer avec moi ou pour recevoir des instructions. De mon c\u00f4t\u00e9, je rendais constamment compte au ministre de tout ce que je faisais. Je le voyais plusieurs fois par jour. Le jour o\u00f9 mes fonctions au minist\u00e8re de l\u2019Education ont \u00e9t\u00e9 interrompues, le ministre a tenu, en pr\u00e9sence de tous les cadres du minist\u00e8re, \u00e0 me rendre un vibrant hommage. C\u2019\u00e9tait le jour de mon cinquanti\u00e8me anniversaire. Dans un courriel qu\u2019il m\u2019adressa le 22 f\u00e9vrier 2017, Moncer Rouissi, apr\u00e8s avoir lu un article que j\u2019avais publi\u00e9 sur Leaders \u00e0 propos de mon exp\u00e9rience de secr\u00e9taire d\u2019Etat, m\u2019\u00e9crit : \u00abJ\u2019y retrouve Si Rafa\u00e2&#8230;un homme de droiture et d\u2019une tr\u00e8s grande int\u00e9grit\u00e9. Je garde le meilleur souvenir de notre fraternelle collaboration et j\u2019\u00e9tais r\u00e9ellement et sinc\u00e8rement triste de notre&#8230; s\u00e9paration dont je n\u2019avais \u00e9t\u00e9 nullement averti, contrairement aux habitudes me concernant. Nous avons accompli ensemble et en tr\u00e8s bonne entente une \u0153uvre grandiose et en si peu de temps. Il reste une amiti\u00e9 forte et j\u2019aurai gagn\u00e9 un fr\u00e8re. C\u2019est le plus important. En toute fraternit\u00e9 \u00bb. Dans ce message, s\u2019exprime toute la relation sp\u00e9ciale entre nous, et surtout la grandeur de Moncer Rouissi, qui \u00e9tait r\u00e9ellement choqu\u00e9 par ma r\u00e9vocation. En un mot, une confiance r\u00e9ciproque caract\u00e9risait nos rapports, et ce n\u2019est pas peu dire.<\/p>\n<p>L\u2019\u0153uvre qu\u2019il accomplit au minist\u00e8re de l\u2019Education \u00e9tait en effet grandiose. Il avait abattu pendant une courte p\u00e9riode (du 23 janvier 2001-25 ao\u00fbt 2003) un travail colossal dont la loi d\u2019orientation relative \u00e0 l\u2019\u00e9ducation et \u00e0 l\u2019enseignement scolaire (n\u00b02002 \u2013 80 du 23 juillet 2002), le plan de r\u00e9forme 2001-2007, le lancement des classes pr\u00e9paratoires, la g\u00e9n\u00e9ralisation progressive de l\u2019approche par comp\u00e9tences, la mise sur pied du projet d\u2019\u00e9tablissement, un programme de remise \u00e0 niveau de l\u2019\u00e9cole, des coll\u00e8ges et des lyc\u00e9es. La plupart de ces r\u00e9formes n\u2019ont malheureusement pas fait long feu, les successeurs de Moncer Rouissi n\u2019ayant rien fait pour les poursuivre. Je salue l\u2019\u0153uvre qu\u2019il a accomplie au minist\u00e8re de l\u2019Education. La loi d\u2019orientation de l\u2019\u00e9ducation d\u00e9j\u00e0 cit\u00e9e, toujours en vigueur, en est le symbole le plus \u00e9loquent. A mon avis, Moncer Rouissi a \u00e9t\u00e9, et reste \u00e0 ce jour, le seul ministre de l\u2019Education \u00e0 avoir port\u00e9 un vrai projet pour l\u2019\u00e9ducation. Depuis, les ministres se sont succ\u00e9d\u00e9 sans laisser de traces.<\/p>\n<p>Notre relation n\u2019a jamais cess\u00e9 depuis. Elle a dur\u00e9 pendant 20 ans. Nous nous voyions r\u00e9guli\u00e8rement, discutions de l\u2019actualit\u00e9, des lectures de l\u2019un et de l\u2019autre, etc., le plus souvent en pr\u00e9sence de son \u00e9pouse et de notre ami commun Abdallah Labidi.<\/p>\n<p>Moncer Rouissi a rendu \u00e0 son pays d\u2019immenses services, avec loyaut\u00e9, discr\u00e9tion, comp\u00e9tence et un sens aigu de la responsabilit\u00e9. Il a su se retirer de la sc\u00e8ne politique alors qu\u2019il pouvait donner encore plus, mais il n\u2019a jamais renonc\u00e9 \u00e0 s\u2019int\u00e9resser \u00e0 la chose publique et \u00e0 \u00e9mettre ses opinions sur l\u2019actualit\u00e9.<\/p>\n<p>Au minist\u00e8re, nous travaillions en vraie famille dans un air d\u00e9tendu, jovial, s\u00e9rieux et studieux. Avec ses collaborateurs, Moncer Rouissi \u00e9tait un capitaine d\u2019\u00e9quipe, non un ministre. Avec les nombreux syndicats du minist\u00e8re, il a tr\u00e8s vite su instaurer une relation paisible et confiante.<\/p>\n<p>La Tunisie a perdu un grand homme. J\u2019ai perdu un grand ami, un fr\u00e8re.\u00a0 Je ne peux que m\u2019incliner avec respect et tristesse devant sa m\u00e9moire.<\/p>\n<p>Je te regretterai toujours cher fr\u00e8re. Tu es inoubliable.<\/p>\n<p class=\"c3\"><strong>Rafa\u00e2 Ben Achour<\/strong><\/p>\n<p class=\"c4\"><strong>Lire aussi<\/strong><\/p>\n<p class=\"c4\"><a href=\"https:\/\/www.leaders.com.tn\/article\/31201-le-sociologue-et-ancien-ministre-moncer-rouissi-est-decede\" target=\"_blank\" rel=\"noopener\">Le sociologue et ancien ministre Moncer Rouissi est d\u00e9c\u00e9d\u00e9<\/a><\/p>\n<p class=\"c4\"><a href=\"https:\/\/www.leaders.com.tn\/article\/31229-hela-nafti-hommage-a-l-homme-d-etat-et-de-lettres-feu-moncer-rouissi\" target=\"_blank\" rel=\"noopener\">H\u00e9la Nafti: Hommage \u00e0 l&rsquo;homme d&rsquo;Etat et de lettres feu Moncer Rouissi<\/a><br \/>\u00a0<\/p>\n<p>Auteur:<br \/>\n<a href=\"https:\/\/www.leaders.com.tn\/article\/31418-rafaa-ben-achour-moncer-rouissi-l-intellectuel-l-homme-d-etat-et-le-patriote-tunisien-album-photos\">Cliquez ici pour lire l&rsquo;article depuis sa source.<\/a><\/p>\n","protected":false},"excerpt":{"rendered":"<p>La Tunisie a perdu le 5 janvier 2020 l\u2019un de ses cadres professionnellement les plus comp\u00e9tents et humainement les plus attachants. Il s\u2019agit du tr\u00e8s regrett\u00e9 Moncer Rouissi (9 septembre 1940-5 janvier 2021). L\u00e0 o\u00f9 il est pass\u00e9 (minist\u00e8res de la Culture, des Affaires sociales, de l\u2019Emploi et de la Formation professionnelle, de l\u2019Education, ambassade [&hellip;]<\/p>\n","protected":false},"author":1772,"featured_media":0,"comment_status":"closed","ping_status":"closed","sticky":false,"template":"","format":"standard","meta":{"fifu_image_url":"\/uploads\/FCK_files\/Rafaa-Ben-Achour(4).jpg","fifu_image_alt":"Rafa\u00e2 Ben Achour: Moncer Rouissi, l\u2019intellectuel, l\u2019homme d\u2019Etat et le patriote Tunisien... (Album Photos)","footnotes":""},"categories":[73,55],"tags":[],"class_list":["post-111062","post","type-post","status-publish","format-standard","hentry","category-actualite","category-tunisie"],"_links":{"self":[{"href":"https:\/\/linitiative.ca\/International\/wp-json\/wp\/v2\/posts\/111062","targetHints":{"allow":["GET"]}}],"collection":[{"href":"https:\/\/linitiative.ca\/International\/wp-json\/wp\/v2\/posts"}],"about":[{"href":"https:\/\/linitiative.ca\/International\/wp-json\/wp\/v2\/types\/post"}],"author":[{"embeddable":true,"href":"https:\/\/linitiative.ca\/International\/wp-json\/wp\/v2\/users\/1772"}],"replies":[{"embeddable":true,"href":"https:\/\/linitiative.ca\/International\/wp-json\/wp\/v2\/comments?post=111062"}],"version-history":[{"count":0,"href":"https:\/\/linitiative.ca\/International\/wp-json\/wp\/v2\/posts\/111062\/revisions"}],"wp:attachment":[{"href":"https:\/\/linitiative.ca\/International\/wp-json\/wp\/v2\/media?parent=111062"}],"wp:term":[{"taxonomy":"category","embeddable":true,"href":"https:\/\/linitiative.ca\/International\/wp-json\/wp\/v2\/categories?post=111062"},{"taxonomy":"post_tag","embeddable":true,"href":"https:\/\/linitiative.ca\/International\/wp-json\/wp\/v2\/tags?post=111062"}],"curies":[{"name":"wp","href":"https:\/\/api.w.org\/{rel}","templated":true}]}}