{"id":111065,"date":"2021-02-11T05:00:00","date_gmt":"2021-02-11T10:00:00","guid":{"rendered":"https:\/\/linitiative.ca\/International\/les-oeufs\/"},"modified":"2021-02-11T05:00:00","modified_gmt":"2021-02-11T10:00:00","slug":"les-oeufs","status":"publish","type":"post","link":"https:\/\/linitiative.ca\/International\/les-oeufs\/","title":{"rendered":"Les \u0153ufs"},"content":{"rendered":"<p>Vous pouvez garder des \u0153ufs quinze jours au r\u00e9frig\u00e9rateur en les prot\u00e9geant des autres aliments, car la coquille est tr\u00e8s poreuse et perm\u00e9able aux odeurs.\u00a0<\/p>\n<p>Si un \u0153uf est f\u00eal\u00e9, utilisez-le le jour m\u00eame. Vous pouvez congeler les \u0153ufs en s\u00e9parant les blancs des jaunes et en les salant ou sucrant suivant l\u2019utilisation que vous en ferez. N\u2019utilisez jamais de couverts oxydables, et \u00e9vitez l\u2019argenterie aussi pour consommer des \u0153ufs.<\/p>\n<p>Auteur:<br \/>\n<a href=\"https:\/\/www.lesoirdalgerie.com\/femme-magazine\/les-oeufs-56164\">Cliquez ici pour lire l&rsquo;article depuis sa source.<\/a><\/p>\n","protected":false},"excerpt":{"rendered":"<p>Vous pouvez garder des \u0153ufs quinze jours au r\u00e9frig\u00e9rateur en les prot\u00e9geant des autres aliments, car la coquille est tr\u00e8s poreuse et perm\u00e9able aux odeurs.\u00a0 Si un \u0153uf est f\u00eal\u00e9, utilisez-le le jour m\u00eame. Vous pouvez congeler les \u0153ufs en s\u00e9parant les blancs des jaunes et en les salant ou sucrant suivant l\u2019utilisation que vous [&hellip;]<\/p>\n","protected":false},"author":1741,"featured_media":0,"comment_status":"closed","ping_status":"closed","sticky":false,"template":"","format":"standard","meta":{"fifu_image_url":"","fifu_image_alt":"","footnotes":""},"categories":[73,53],"tags":[],"class_list":["post-111065","post","type-post","status-publish","format-standard","hentry","category-actualite","category-algerie"],"_links":{"self":[{"href":"https:\/\/linitiative.ca\/International\/wp-json\/wp\/v2\/posts\/111065","targetHints":{"allow":["GET"]}}],"collection":[{"href":"https:\/\/linitiative.ca\/International\/wp-json\/wp\/v2\/posts"}],"about":[{"href":"https:\/\/linitiative.ca\/International\/wp-json\/wp\/v2\/types\/post"}],"author":[{"embeddable":true,"href":"https:\/\/linitiative.ca\/International\/wp-json\/wp\/v2\/users\/1741"}],"replies":[{"embeddable":true,"href":"https:\/\/linitiative.ca\/International\/wp-json\/wp\/v2\/comments?post=111065"}],"version-history":[{"count":0,"href":"https:\/\/linitiative.ca\/International\/wp-json\/wp\/v2\/posts\/111065\/revisions"}],"wp:attachment":[{"href":"https:\/\/linitiative.ca\/International\/wp-json\/wp\/v2\/media?parent=111065"}],"wp:term":[{"taxonomy":"category","embeddable":true,"href":"https:\/\/linitiative.ca\/International\/wp-json\/wp\/v2\/categories?post=111065"},{"taxonomy":"post_tag","embeddable":true,"href":"https:\/\/linitiative.ca\/International\/wp-json\/wp\/v2\/tags?post=111065"}],"curies":[{"name":"wp","href":"https:\/\/api.w.org\/{rel}","templated":true}]}}