{"id":111067,"date":"2021-02-11T05:00:00","date_gmt":"2021-02-11T10:00:00","guid":{"rendered":"https:\/\/linitiative.ca\/International\/le-froid-entraine-t-il-les-rhumes\/"},"modified":"2021-02-11T05:00:00","modified_gmt":"2021-02-11T10:00:00","slug":"le-froid-entraine-t-il-les-rhumes","status":"publish","type":"post","link":"https:\/\/linitiative.ca\/International\/le-froid-entraine-t-il-les-rhumes\/","title":{"rendered":"Le froid entra\u00eene-t-il les rhumes ?"},"content":{"rendered":"<p>A priori, pas vraiment, le rhume est une maladie virale. Nous l&rsquo;attraperons si nous entrons en contact avec un virus, et une temp\u00e9rature qui descend n&rsquo;est pas suffisante pour nous faire tomber malade. Cependant, le froid est tout de m\u00eame un facteur de risque. En effet, notre nez et nos voies respiratoires sont faits pour se d\u00e9barrasser des microbes avant qu&rsquo;ils ne nous fassent tomber malade. En hiver et en automne, quand l&rsquo;air est sec et froid, les muqueuses sont irrit\u00e9es et remplissent donc moins bien ce r\u00f4le de d\u00e9fense. Tra\u00eener sous la pluie, \u00e7a donne le rhume ? La pluie, d\u00e9sagr\u00e9able et refroidissante, est moins mauvaise pour les voies respiratoires.\u00a0<br \/>En revanche, la pluie nous incite (tout comme le froid) \u00e0 rester \u00e0 l&rsquo;int\u00e9rieur de nos maisons et \u00e0 emprunter les transports en commun. Cons\u00e9quence : nous sommes plus souvent r\u00e9unis dans des espaces int\u00e9rieurs. Une aubaine pour les virus du rhume, qui trouvent l\u00e0 l&rsquo;occasion r\u00eav\u00e9e pour contaminer de nouvelles personnes !<\/p>\n<p>Auteur:<br \/>\n<a href=\"https:\/\/www.lesoirdalgerie.com\/femme-magazine\/le-froid-entraine-t-il-les-rhumes-56162\">Cliquez ici pour lire l&rsquo;article depuis sa source.<\/a><\/p>\n","protected":false},"excerpt":{"rendered":"<p>A priori, pas vraiment, le rhume est une maladie virale. Nous l&rsquo;attraperons si nous entrons en contact avec un virus, et une temp\u00e9rature qui descend n&rsquo;est pas suffisante pour nous faire tomber malade. Cependant, le froid est tout de m\u00eame un facteur de risque. En effet, notre nez et nos voies respiratoires sont faits pour [&hellip;]<\/p>\n","protected":false},"author":1741,"featured_media":0,"comment_status":"closed","ping_status":"closed","sticky":false,"template":"","format":"standard","meta":{"fifu_image_url":"","fifu_image_alt":"","footnotes":""},"categories":[73,53],"tags":[],"class_list":["post-111067","post","type-post","status-publish","format-standard","hentry","category-actualite","category-algerie"],"_links":{"self":[{"href":"https:\/\/linitiative.ca\/International\/wp-json\/wp\/v2\/posts\/111067","targetHints":{"allow":["GET"]}}],"collection":[{"href":"https:\/\/linitiative.ca\/International\/wp-json\/wp\/v2\/posts"}],"about":[{"href":"https:\/\/linitiative.ca\/International\/wp-json\/wp\/v2\/types\/post"}],"author":[{"embeddable":true,"href":"https:\/\/linitiative.ca\/International\/wp-json\/wp\/v2\/users\/1741"}],"replies":[{"embeddable":true,"href":"https:\/\/linitiative.ca\/International\/wp-json\/wp\/v2\/comments?post=111067"}],"version-history":[{"count":0,"href":"https:\/\/linitiative.ca\/International\/wp-json\/wp\/v2\/posts\/111067\/revisions"}],"wp:attachment":[{"href":"https:\/\/linitiative.ca\/International\/wp-json\/wp\/v2\/media?parent=111067"}],"wp:term":[{"taxonomy":"category","embeddable":true,"href":"https:\/\/linitiative.ca\/International\/wp-json\/wp\/v2\/categories?post=111067"},{"taxonomy":"post_tag","embeddable":true,"href":"https:\/\/linitiative.ca\/International\/wp-json\/wp\/v2\/tags?post=111067"}],"curies":[{"name":"wp","href":"https:\/\/api.w.org\/{rel}","templated":true}]}}