{"id":111070,"date":"2021-02-11T15:45:18","date_gmt":"2021-02-11T20:45:18","guid":{"rendered":"https:\/\/linitiative.ca\/International\/tataouine-manifestations-nocturnes-photos-la-situation-securitaire-se-corse\/"},"modified":"2021-02-11T15:45:18","modified_gmt":"2021-02-11T20:45:18","slug":"tataouine-manifestations-nocturnes-photos-la-situation-securitaire-se-corse","status":"publish","type":"post","link":"https:\/\/linitiative.ca\/International\/tataouine-manifestations-nocturnes-photos-la-situation-securitaire-se-corse\/","title":{"rendered":"Tataouine-Manifestations nocturnes [PHOTOS] : La situation s\u00e9curitaire se corse"},"content":{"rendered":"<div class=\"post-cont-in left relative\">\n<div id=\"post-info-wrap\" class=\"left relative post-info-out\">\n<div class=\"post-info-img left relative\"><img loading=\"lazy\" decoding=\"async\" alt=\"\" src=\"https:\/\/secure.gravatar.com\/avatar\/ea481d7287ad38ca1787f44b5bb1b70e?s=50&amp;d=mm&amp;r=g\" srcset=\"https:\/\/secure.gravatar.com\/avatar\/ea481d7287ad38ca1787f44b5bb1b70e?s=100&amp;d=mm&amp;r=g 2x\" class=\"avatar avatar-50 photo\" height=\"50\" width=\"50\"\/><\/div>\n<div class=\"post-info-in\">\n<div class=\"post-info-right left relative post-info-name left relative\"><span><span class=\"post-info-text\">Par<\/span> <span class=\"author-name vcard fn author\"><a href=\"https:\/\/www.tunisienumerique.com\/author\/rania-ben-slimane\/\" title=\"Articles par rania ben slimane\" rel=\"author\">rania ben slimane<\/a><\/span><\/span> <span class=\"post-date updated\"><time class=\"post-date updated\" datetime=\"2021-02-11\">\u00a0| Il y a 1 heure<\/time><\/span><\/div>\n<div class=\"left relative\"><button id=\"listenButton1\" class=\"responsivevoice-button\" type=\"button\" value=\"Play\" title=\"&#xC9;coutez l'article\"><span>\ud83d\udd0a \u00c9coutez l&rsquo;article<\/span><\/button> <\/div>\n<\/div>\n<\/div>\n<p>Ce soir, un certain nombre de jeunes hommes en col\u00e8re, originaires de la ville de Tataouine, se sont rendus devant le si\u00e8ge de la caserne militaire sise au centre-ville pour poursuivre leur protestation et d\u00e9noncer l\u2019intervention des unit\u00e9s de l\u2019arm\u00e9e nationale, la premi\u00e8re fois, quand ils ont emp\u00each\u00e9 les membres de la Coordination du sit-in d\u2019El Kamour \u00e0 bord de leurs voitures, de se diriger vers la station de pompage (EL VANA) et une deuxi\u00e8me fois, en les interceptant et en les renvoyant \u00e0 l\u2019aide de b\u00e2tons \u00ab Matraque \u00bb lorsqu\u2019ils sont arriv\u00e9s \u00e0 la station \u00e0 pieds.<\/p>\n<div class=\"code-block code-block-1 c4\"><ins class=\"adsbygoogle c3\" data-ad-layout=\"in-article\" data-ad-format=\"fluid\" data-ad-client=\"ca-pub-2102118777505746\" data-ad-slot=\"7301775417\"\/> <\/div>\n<p>Plusieurs zones du gouvernorat de Tataouine avaient \u00e9t\u00e9 t\u00e9moins de manifestations nocturnes et de blocage de certaines routes principales en raison de l\u2019intervention de l\u2019arm\u00e9e pour emp\u00eacher les membres de la Coordination du sit-in d\u2019El Kamour d\u2019atteindre la station de pompage de p\u00e9trole, mena\u00e7ant d\u2019escalade en cas de blessure de l\u2019un des sit-inneur.<\/p>\n<p><img loading=\"lazy\" decoding=\"async\" class=\"wp-image-627015 alignleft\" src=\"https:\/\/www.tunisienumerique.com\/wp-content\/uploads\/2021\/02\/manifestations-kamour2.jpeg\" alt=\"\" width=\"423\" height=\"352\" srcset=\"https:\/\/www.tunisienumerique.com\/wp-content\/uploads\/2021\/02\/manifestations-kamour2.jpeg 720w, https:\/\/www.tunisienumerique.com\/wp-content\/uploads\/2021\/02\/manifestations-kamour2-80x68.jpeg 80w, https:\/\/www.tunisienumerique.com\/wp-content\/uploads\/2021\/02\/manifestations-kamour2-600x500.jpeg 600w\" sizes=\"auto, (max-width: 423px) 100vw, 423px\"\/><img loading=\"lazy\" decoding=\"async\" class=\"wp-image-627016 alignleft\" src=\"https:\/\/www.tunisienumerique.com\/wp-content\/uploads\/2021\/02\/manifestations-kamour1.jpeg\" alt=\"\" width=\"333\" height=\"208\" srcset=\"https:\/\/www.tunisienumerique.com\/wp-content\/uploads\/2021\/02\/manifestations-kamour1.jpeg 960w, https:\/\/www.tunisienumerique.com\/wp-content\/uploads\/2021\/02\/manifestations-kamour1-768x480.jpeg 768w, https:\/\/www.tunisienumerique.com\/wp-content\/uploads\/2021\/02\/manifestations-kamour1-600x375.jpeg 600w\" sizes=\"auto, (max-width: 333px) 100vw, 333px\"\/><img loading=\"lazy\" decoding=\"async\" class=\"wp-image-627017 aligncenter\" src=\"https:\/\/www.tunisienumerique.com\/wp-content\/uploads\/2021\/02\/manifestations-kamour.jpeg\" alt=\"\" width=\"755\" height=\"485\"\/><\/p>\n<div class=\"swp_social_panel swp_horizontal_panel swp_flat_fresh swp_default_full_color swp_individual_full_color swp_other_full_color scale-100 scale-\" data-min-width=\"1100\" data-float-color=\"#ffffff\" data-float=\"bottom\" data-float-mobile=\"bottom\" data-transition=\"slide\">\n<div class=\"nc_tweetContainer swp_share_button total_shares total_sharesalt\"><span class=\"swp_count\">13 <span class=\"swp_label\">Partages<\/span><\/span><\/div>\n<\/div>\n<p><strong>Que se passe-t-il en Tunisie?<\/strong><br \/>Nous expliquons sur notre <a href=\"https:\/\/www.youtube.com\/channel\/UCRzypVq0B_yBad5eGrwBx0Q?sub_confirmation=1\" target=\"_blank\" rel=\"noopener\">cha\u00eene YouTube<\/a> . <a href=\"https:\/\/www.youtube.com\/channel\/UCRzypVq0B_yBad5eGrwBx0Q?sub_confirmation=1\" target=\"_blank\" rel=\"noopener\">Abonnez-vous!<\/a><\/p>\n<div class=\"mvp-org-wrap mvp-org-logo\" itemprop=\"publisher\"><img decoding=\"async\" src=\"https:\/\/www.tunisienumerique.com\/wp-content\/uploads\/2017\/02\/logo_tunisie_numerique.png\"\/><\/div>\n<div class=\"mvp-related-posts left relative\">\n<h4 class=\"post-header\"><span class=\"post-header\">Lire aussi<\/span><\/h4>\n<\/div>\n<div id=\"article-ad\"><ins class=\"adsbygoogle c5\" data-ad-client=\"ca-pub-2102118777505746\" data-ad-slot=\"6513972734\" data-ad-format=\"auto\" data-full-width-responsive=\"true\"\/> <\/div>\n<\/div>\n<div id=\"post-sidebar-wrap\"><ins class=\"adsbygoogle c5\" data-ad-client=\"ca-pub-2102118777505746\" data-ad-slot=\"6168283410\" data-ad-format=\"auto\" data-full-width-responsive=\"true\"\/> <\/div>\n<p>Auteur: rania ben slimane<br \/>\n<a href=\"https:\/\/www.tunisienumerique.com\/tataouine-manifestations-nocturnes-photos-la-situation-securitaire-se-corse\/\">Cliquez ici pour lire l&rsquo;article depuis sa source.<\/a><\/p>\n","protected":false},"excerpt":{"rendered":"<p>Par rania ben slimane \u00a0| Il y a 1 heure \ud83d\udd0a \u00c9coutez l&rsquo;article Ce soir, un certain nombre de jeunes hommes en col\u00e8re, originaires de la ville de Tataouine, se sont rendus devant le si\u00e8ge de la caserne militaire sise au centre-ville pour poursuivre leur protestation et d\u00e9noncer l\u2019intervention des unit\u00e9s de l\u2019arm\u00e9e nationale, la [&hellip;]<\/p>\n","protected":false},"author":1789,"featured_media":0,"comment_status":"closed","ping_status":"closed","sticky":false,"template":"","format":"standard","meta":{"fifu_image_url":"https:\/\/secure.gravatar.com\/avatar\/ea481d7287ad38ca1787f44b5bb1b70e?s=50&d=mm&r=g","fifu_image_alt":"Tataouine-Manifestations nocturnes [PHOTOS] : La situation s\u00e9curitaire se corse","footnotes":""},"categories":[73,55],"tags":[],"class_list":["post-111070","post","type-post","status-publish","format-standard","hentry","category-actualite","category-tunisie"],"_links":{"self":[{"href":"https:\/\/linitiative.ca\/International\/wp-json\/wp\/v2\/posts\/111070","targetHints":{"allow":["GET"]}}],"collection":[{"href":"https:\/\/linitiative.ca\/International\/wp-json\/wp\/v2\/posts"}],"about":[{"href":"https:\/\/linitiative.ca\/International\/wp-json\/wp\/v2\/types\/post"}],"author":[{"embeddable":true,"href":"https:\/\/linitiative.ca\/International\/wp-json\/wp\/v2\/users\/1789"}],"replies":[{"embeddable":true,"href":"https:\/\/linitiative.ca\/International\/wp-json\/wp\/v2\/comments?post=111070"}],"version-history":[{"count":0,"href":"https:\/\/linitiative.ca\/International\/wp-json\/wp\/v2\/posts\/111070\/revisions"}],"wp:attachment":[{"href":"https:\/\/linitiative.ca\/International\/wp-json\/wp\/v2\/media?parent=111070"}],"wp:term":[{"taxonomy":"category","embeddable":true,"href":"https:\/\/linitiative.ca\/International\/wp-json\/wp\/v2\/categories?post=111070"},{"taxonomy":"post_tag","embeddable":true,"href":"https:\/\/linitiative.ca\/International\/wp-json\/wp\/v2\/tags?post=111070"}],"curies":[{"name":"wp","href":"https:\/\/api.w.org\/{rel}","templated":true}]}}