{"id":111071,"date":"2021-02-11T15:45:18","date_gmt":"2021-02-11T20:45:18","guid":{"rendered":"https:\/\/linitiative.ca\/International\/par-hichem-ben-ahmed-vaccinez-la-vie-nattend-pas\/"},"modified":"2021-02-11T15:45:18","modified_gmt":"2021-02-11T20:45:18","slug":"par-hichem-ben-ahmed-vaccinez-la-vie-nattend-pas","status":"publish","type":"post","link":"https:\/\/linitiative.ca\/International\/par-hichem-ben-ahmed-vaccinez-la-vie-nattend-pas\/","title":{"rendered":"Par Hichem Ben Ahmed : Vaccinez, la vie n\u2019attend pas !"},"content":{"rendered":"<div class=\"post-cont-in left relative\">\n<div id=\"post-info-wrap\" class=\"left relative post-info-out\">\n<div class=\"post-info-img left relative\"><img loading=\"lazy\" decoding=\"async\" alt=\"\" src=\"https:\/\/secure.gravatar.com\/avatar\/681b972f602e42207cdd1b6ee405702a?s=50&amp;d=mm&amp;r=g\" srcset=\"https:\/\/secure.gravatar.com\/avatar\/681b972f602e42207cdd1b6ee405702a?s=100&amp;d=mm&amp;r=g 2x\" class=\"avatar avatar-50 photo\" height=\"50\" width=\"50\"\/><\/div>\n<div class=\"post-info-in\">\n<div class=\"post-info-right left relative post-info-name left relative\"><span><span class=\"post-info-text\">Par<\/span> <span class=\"author-name vcard fn author\"><a href=\"https:\/\/www.tunisienumerique.com\/author\/tunisienumerique\/\" title=\"Articles par Tunisie Num&#xE9;rique\" rel=\"author\">Tunisie Num\u00e9rique<\/a><\/span><\/span> <span class=\"post-date updated\"><time class=\"post-date updated\" datetime=\"2021-02-11\">\u00a0| Il y a 1 heure<\/time><\/span><\/div>\n<div class=\"left relative\"><button id=\"listenButton1\" class=\"responsivevoice-button\" type=\"button\" value=\"Play\" title=\"&#xC9;coutez l'article\"><span>\ud83d\udd0a \u00c9coutez l&rsquo;article<\/span><\/button> <\/div>\n<\/div>\n<\/div>\n<p>Tandis que la classe politique se chamaille pour des futilit\u00e9s ou pas, \u00e0 coups de bras de fer st\u00e9riles ou constructifs, le fait est que pendant ce temps l\u00e0 le virus avance, la vague mortelle s\u2019acc\u00e9l\u00e8re et endeuille de plus en plus nos familles et nos amis.<\/p>\n<div class=\"code-block code-block-1 c4\"><ins class=\"adsbygoogle c3\" data-ad-layout=\"in-article\" data-ad-format=\"fluid\" data-ad-client=\"ca-pub-2102118777505746\" data-ad-slot=\"7301775417\"\/> <\/div>\n<p>La r\u00e9alit\u00e9 semble \u00eatre que notre pays navigue \u00e0 vue.<\/p>\n<p>Le manque d\u2019information officielle claire et exhaustive pour le corroborer est inqui\u00e9tant.<\/p>\n<p>Monsieur le Ministre de la Sant\u00e9 donnez nous des informations et des dates pr\u00e9cises<\/p>\n<p>C\u2019est une demande, il ne faudrait pas que \u00e7a devienne une mise en cause.<\/p>\n<p>La responsabilit\u00e9 est grave, lourde et elle vous incombe. Celle de notre sant\u00e9, celui de notre droit \u00e0 \u00eatre vaccin\u00e9s, celui de notre droit \u00e0 vivre. Tout simplement.<\/p>\n<p>Il est temps de l\u2019assumer sans tergiverser.<\/p>\n<p><em>Hichem Ben Ahmed.<\/em><\/p>\n<div class=\"swp_social_panel swp_horizontal_panel swp_flat_fresh swp_default_full_color swp_individual_full_color swp_other_full_color scale-100 scale-\" data-min-width=\"1100\" data-float-color=\"#ffffff\" data-float=\"bottom\" data-float-mobile=\"bottom\" data-transition=\"slide\">\n<div class=\"nc_tweetContainer swp_share_button total_shares total_sharesalt\"><span class=\"swp_count\">10 <span class=\"swp_label\">Partages<\/span><\/span><\/div>\n<\/div>\n<p><strong>Que se passe-t-il en Tunisie?<\/strong><br \/>Nous expliquons sur notre <a href=\"https:\/\/www.youtube.com\/channel\/UCRzypVq0B_yBad5eGrwBx0Q?sub_confirmation=1\" target=\"_blank\" rel=\"noopener\">cha\u00eene YouTube<\/a> . <a href=\"https:\/\/www.youtube.com\/channel\/UCRzypVq0B_yBad5eGrwBx0Q?sub_confirmation=1\" target=\"_blank\" rel=\"noopener\">Abonnez-vous!<\/a><\/p>\n<div class=\"mvp-org-wrap mvp-org-logo\" itemprop=\"publisher\"><img decoding=\"async\" src=\"https:\/\/www.tunisienumerique.com\/wp-content\/uploads\/2017\/02\/logo_tunisie_numerique.png\"\/><\/div>\n<div class=\"mvp-related-posts left relative\">\n<h4 class=\"post-header\"><span class=\"post-header\">Lire aussi<\/span><\/h4>\n<\/div>\n<div id=\"article-ad\"><ins class=\"adsbygoogle c5\" data-ad-client=\"ca-pub-2102118777505746\" data-ad-slot=\"6513972734\" data-ad-format=\"auto\" data-full-width-responsive=\"true\"\/> <\/div>\n<\/div>\n<div id=\"post-sidebar-wrap\"><ins class=\"adsbygoogle c5\" data-ad-client=\"ca-pub-2102118777505746\" data-ad-slot=\"6168283410\" data-ad-format=\"auto\" data-full-width-responsive=\"true\"\/> <\/div>\n<p>Auteur: Tunisie Num\u00e9rique<br \/>\n<a href=\"https:\/\/www.tunisienumerique.com\/par-hichem-ben-ahmed-vaccinez-la-vie-nattend-pas\/\">Cliquez ici pour lire l&rsquo;article depuis sa source.<\/a><\/p>\n","protected":false},"excerpt":{"rendered":"<p>Par Tunisie Num\u00e9rique \u00a0| Il y a 1 heure \ud83d\udd0a \u00c9coutez l&rsquo;article Tandis que la classe politique se chamaille pour des futilit\u00e9s ou pas, \u00e0 coups de bras de fer st\u00e9riles ou constructifs, le fait est que pendant ce temps l\u00e0 le virus avance, la vague mortelle s\u2019acc\u00e9l\u00e8re et endeuille de plus en plus nos [&hellip;]<\/p>\n","protected":false},"author":1789,"featured_media":0,"comment_status":"closed","ping_status":"closed","sticky":false,"template":"","format":"standard","meta":{"fifu_image_url":"https:\/\/secure.gravatar.com\/avatar\/681b972f602e42207cdd1b6ee405702a?s=50&d=mm&r=g","fifu_image_alt":"Par Hichem Ben Ahmed : Vaccinez, la vie n\u2019attend pas !","footnotes":""},"categories":[73,55],"tags":[],"class_list":["post-111071","post","type-post","status-publish","format-standard","hentry","category-actualite","category-tunisie"],"_links":{"self":[{"href":"https:\/\/linitiative.ca\/International\/wp-json\/wp\/v2\/posts\/111071","targetHints":{"allow":["GET"]}}],"collection":[{"href":"https:\/\/linitiative.ca\/International\/wp-json\/wp\/v2\/posts"}],"about":[{"href":"https:\/\/linitiative.ca\/International\/wp-json\/wp\/v2\/types\/post"}],"author":[{"embeddable":true,"href":"https:\/\/linitiative.ca\/International\/wp-json\/wp\/v2\/users\/1789"}],"replies":[{"embeddable":true,"href":"https:\/\/linitiative.ca\/International\/wp-json\/wp\/v2\/comments?post=111071"}],"version-history":[{"count":0,"href":"https:\/\/linitiative.ca\/International\/wp-json\/wp\/v2\/posts\/111071\/revisions"}],"wp:attachment":[{"href":"https:\/\/linitiative.ca\/International\/wp-json\/wp\/v2\/media?parent=111071"}],"wp:term":[{"taxonomy":"category","embeddable":true,"href":"https:\/\/linitiative.ca\/International\/wp-json\/wp\/v2\/categories?post=111071"},{"taxonomy":"post_tag","embeddable":true,"href":"https:\/\/linitiative.ca\/International\/wp-json\/wp\/v2\/tags?post=111071"}],"curies":[{"name":"wp","href":"https:\/\/api.w.org\/{rel}","templated":true}]}}