{"id":111075,"date":"2021-02-11T14:42:02","date_gmt":"2021-02-11T19:42:02","guid":{"rendered":"https:\/\/linitiative.ca\/International\/sommet-annonce-de-la-cirgl-sur-la-rca\/"},"modified":"2021-02-11T14:42:02","modified_gmt":"2021-02-11T19:42:02","slug":"sommet-annonce-de-la-cirgl-sur-la-rca","status":"publish","type":"post","link":"https:\/\/linitiative.ca\/International\/sommet-annonce-de-la-cirgl-sur-la-rca\/","title":{"rendered":"SOMMET ANNONCE DE LA CIRGL SUR LA RCA"},"content":{"rendered":"<p class=\"c4\"><em>La crise centrafricaine, on se rappelle, a \u00e9t\u00e9 au c\u0153ur de la conf\u00e9rence sur la r\u00e9gion des Grands Lacs (CIRGEL). Les participants de ce mini-sommet qui s\u2019est tenu dans la capitale angolaise, le 29 janvier dernier, a d\u2019abord \u00ab\u00a0r\u00e9it\u00e9r\u00e9 la validit\u00e9 des \u00e9lections du 27 d\u00e9cembre\u00a0\u00bb et affirm\u00e9 qu\u2019ils \u00ab\u00a0ne permettront pas que des acteurs qui s\u2019opposent aux r\u00e9sultats, prennent le pouvoir par la force\u00a0\u00bb. Le message \u00e9tait clair et martial. Et l\u2019on n\u2019a pas besoin de se triturer les m\u00e9ninges pour imaginer les noms des \u00ab\u00a0acteurs qui s\u2019opposent aux r\u00e9sultats\u00a0\u00bb et nourrissent le projet de prendre \u00ab\u00a0le pouvoir par la force\u00a0\u00bb. Ces circonlocutions ne peuvent d\u00e9signer que Fran\u00e7ois Boziz\u00e9 et ses amis de circonstance de la CPC (Coalition des patriotes pour le changement). En effet, la feuille de route de ce regroupement est sans \u00e9quivoque\u00a0: chasser le pr\u00e9sident nouvellement \u00e9lu, Faustin Archange Touad\u00e9ra, par les armes et prendre le pouvoir. De ce fait, le putschiste devant l\u2019Eternel et ses comparses de la CPC, se sont mis en toute conscience, dans le viseur de la CIRGL. Logiquement donc, l\u2019on pouvait s\u2019attendre \u00e0 ce que cette derni\u00e8re appuy\u00e2t sur la g\u00e2chette.<\/em><\/p>\n<p class=\"c4\"><em>\u00a0<\/em><\/p>\n<p class=\"c6\"><strong><em>On est fond\u00e9 \u00e0 croire que derri\u00e8re les discussions, se cache mal une volont\u00e9 de remettre en selle, Boziz\u00e9<\/em><\/strong><\/p>\n<p class=\"c6\"><strong><em>\u00a0<\/em><\/strong><\/p>\n<p class=\"c4\"><em>Mais elle a pr\u00e9f\u00e9r\u00e9 garder l\u2019arme au pied face aux d\u00e9fiances r\u00e9p\u00e9t\u00e9es de la bande de Boziz\u00e9. Pire, c\u2019est dans ce contexte o\u00f9 la CIRGL semble se d\u00e9gonfler comme un ballon de baudruche face aux provocations de la CPC, que des \u00e9missaires de la CEEAC (Communaut\u00e9 \u00e9conomique des Etats de l\u2019Afrique centrale) ont d\u00e9cid\u00e9 d\u2019engager des discussions avec plusieurs acteurs de la r\u00e9bellion.\u00a0<\/em> <em>Initialement, les \u00e9missaires de la structure sous-r\u00e9gionale devaient rencontrer l\u2019ancien pr\u00e9sident Boziz\u00e9 au Tchad, non loin de la fronti\u00e8re avec la Centrafrique. Finalement, ce dernier s\u2019est fait repr\u00e9senter par son fils, Jean Francis Boziz\u00e9 et l\u2019un des leaders anti-balaka, Makine Mokom. L\u2019objectif de ces discussions, \u00e0 en croire la CEEAC, est d\u2019examiner soigneusement les intentions de Fran\u00e7ois Boziz\u00e9 et de la r\u00e9bellion pour tenter de r\u00e9soudre la crise en cours en RCA et pr\u00e9parer le prochain sommet de la sous-r\u00e9gion pr\u00e9vu pour le 2 mars \u00e0 Luanda. A-t-on besoin aujourd\u2019hui de sonder Fran\u00e7ois Boziz\u00e9 pour conna\u00eetre ses intentions ?\u00a0 En effet, l\u2019ancien pr\u00e9sident n\u2019a jamais fait myst\u00e8re de ses intentions putschistes et criminelles.\u00a0<\/em> <em>Et toutes ses actions, propos et gestes depuis qu\u2019il a \u00e9t\u00e9 chass\u00e9 du pouvoir par la S\u00e9l\u00e9ka, ont toujours \u00e9t\u00e9 congruents avec ses intentions putschistes et criminelles. L\u2019on peut donc dire que Fran\u00e7ois Boziz\u00e9 est coh\u00e9rent. A contrario, c\u2019est la CEEAC qui ne l\u2019est pas. Et cette incoh\u00e9rence de la structure sous-r\u00e9gionale, profite \u00e0 Fran\u00e7ois Boziz\u00e9. En tout cas, l\u2019on est fond\u00e9 \u00e0 croire que derri\u00e8re ces discussions, se cache mal une volont\u00e9 de remettre en selle, Boziz\u00e9.\u00a0<\/em> <em>L\u2019on est d\u2019autant plus enclin \u00e0 croire \u00e0 cette hypoth\u00e8se que ces discussions se passent \u00e0 un moment o\u00f9 les forces centrafricaines et leurs alli\u00e9es russes et rwandais, viennent de reprendre aux mains des groupes arm\u00e9s, la ville strat\u00e9gique de Bouar dans le Nord-Ouest.<\/em><\/p>\n<p class=\"c4\"><em>\u00a0<\/em><\/p>\n<p class=\"c6\"><strong><em>La RCA a le malheur d\u2019avoir des ressources mini\u00e8res qui font saliver tout le monde<\/em><\/strong><\/p>\n<p class=\"c4\"><em>\u00a0<\/em><\/p>\n<p class=\"c4\"><em>Quelque part donc, on peut voir par-l\u00e0, des mains cach\u00e9es au sein de la CEEAC qui tentent de sauver Boziz\u00e9 \u00e0 un moment o\u00f9 ce dernier conna\u00eet un revers militaire important. De ce point de vue, l\u2019on peut comprendre que les autorit\u00e9s de Bangui ne voient pas d\u2019un bon \u0153il, l\u2019initiative de la CEEAC d\u2019engager des discussions avec Fran\u00e7ois Boziz\u00e9. De mani\u00e8re diplomatique, Bangui se dit ouverte \u00e0 la discussion dans le cadre existant de l\u2019accord de Khartoum, mais pas \u00e0 un \u00ab\u00a0\u00e9ni\u00e8me dialogue avec des putschistes\u00a0\u00bb. C\u2019est clair et net\u00a0: Bangui n\u2019est pas dispos\u00e9e \u00e0 prendre langue avec le putschiste Boziz\u00e9. M\u00eame au sein de la CEEAC, l\u2019initiative est controvers\u00e9e. Il y a, en effet, d\u2019un c\u00f4t\u00e9 les partisans d\u2019un dialogue avec la r\u00e9bellion. Et de l\u2019autre, les partisans de la m\u00e9thode forte. Et l\u2019on peut prendre le risque de parier que le pr\u00e9sident en exercice de la CEEAC, le Congolais Denis Sassou N\u2019Guesso, ne veut pas voir Faustin Archange Touad\u00e9ra m\u00eame en peinture. De ce fait, il peut \u00eatre dispos\u00e9 \u00e0 mettre du sable dans le couscous de ce dernier. Et la meilleure fa\u00e7on de le faire est de jouer de fa\u00e7on sournoise, la carte du putschiste devant l\u2019Eternel, Boziz\u00e9, contre Touad\u00e9ra. Et ce qui rend davantage le ma\u00eetre de Brazzaville furieux contre Touad\u00e9ra, pourrait \u00eatre le fait que ce dernier ait jet\u00e9 son d\u00e9volu sur l\u2019homme mince de Kigali et sur la Russie. Il est fort probable que l\u2019ancienne puissance coloniale de la Centrafrique, c\u2019est-\u00e0-dire la France, voie cela d\u2019un tr\u00e8s mauvais \u0153il. Et le plus grand \u00ab\u00a0ami\u00a0\u00bb de la France de la sous-r\u00e9gion pourrait avoir \u00e9t\u00e9 \u00a0missionn\u00e9 pour corriger Touad\u00e9ra, pour cette option. Bref, tout cela se joue sur le dos du peuple centrafricain et ce n\u2019est pas demain la veille que cela va s\u2019arr\u00eater. Car, la RCA a le malheur d\u2019avoir des ressources mini\u00e8res qui font saliver tout le monde. De ce point de vue, l\u2019on peut se poser la question de savoir, \u00e0 propos du sommet qui se profile \u00e0 Luanda sur la crise en RCA, si l\u2019on veut v\u00e9ritablement sauver la Centrafrique.<\/em><\/p>\n<p class=\"c4\"><em>\u00a0<\/em><\/p>\n<p class=\"c6\"><strong><em>\u00ab\u00a0Le Pays\u00a0\u00bb \u00a0<\/em><\/strong><\/p>\n<p>Auteur: Le Pays<br \/>\n<a href=\"https:\/\/lepays.bf\/sommet-annonce-de-la-cirgl-sur-la-rca-2\/\">Cliquez ici pour lire l&rsquo;article depuis sa source.<\/a><\/p>\n","protected":false},"excerpt":{"rendered":"<p>La crise centrafricaine, on se rappelle, a \u00e9t\u00e9 au c\u0153ur de la conf\u00e9rence sur la r\u00e9gion des Grands Lacs (CIRGEL). Les participants de ce mini-sommet qui s\u2019est tenu dans la capitale angolaise, le 29 janvier dernier, a d\u2019abord \u00ab\u00a0r\u00e9it\u00e9r\u00e9 la validit\u00e9 des \u00e9lections du 27 d\u00e9cembre\u00a0\u00bb et affirm\u00e9 qu\u2019ils \u00ab\u00a0ne permettront pas que des acteurs [&hellip;]<\/p>\n","protected":false},"author":1813,"featured_media":0,"comment_status":"closed","ping_status":"closed","sticky":false,"template":"","format":"standard","meta":{"fifu_image_url":"","fifu_image_alt":"","footnotes":""},"categories":[73,81],"tags":[],"class_list":["post-111075","post","type-post","status-publish","format-standard","hentry","category-actualite","category-burkina-faso"],"_links":{"self":[{"href":"https:\/\/linitiative.ca\/International\/wp-json\/wp\/v2\/posts\/111075","targetHints":{"allow":["GET"]}}],"collection":[{"href":"https:\/\/linitiative.ca\/International\/wp-json\/wp\/v2\/posts"}],"about":[{"href":"https:\/\/linitiative.ca\/International\/wp-json\/wp\/v2\/types\/post"}],"author":[{"embeddable":true,"href":"https:\/\/linitiative.ca\/International\/wp-json\/wp\/v2\/users\/1813"}],"replies":[{"embeddable":true,"href":"https:\/\/linitiative.ca\/International\/wp-json\/wp\/v2\/comments?post=111075"}],"version-history":[{"count":0,"href":"https:\/\/linitiative.ca\/International\/wp-json\/wp\/v2\/posts\/111075\/revisions"}],"wp:attachment":[{"href":"https:\/\/linitiative.ca\/International\/wp-json\/wp\/v2\/media?parent=111075"}],"wp:term":[{"taxonomy":"category","embeddable":true,"href":"https:\/\/linitiative.ca\/International\/wp-json\/wp\/v2\/categories?post=111075"},{"taxonomy":"post_tag","embeddable":true,"href":"https:\/\/linitiative.ca\/International\/wp-json\/wp\/v2\/tags?post=111075"}],"curies":[{"name":"wp","href":"https:\/\/api.w.org\/{rel}","templated":true}]}}