{"id":111078,"date":"2021-02-11T15:21:29","date_gmt":"2021-02-11T20:21:29","guid":{"rendered":"https:\/\/linitiative.ca\/International\/formation-militaire-pour-les-jeunes-appeles\/"},"modified":"2021-02-11T15:21:29","modified_gmt":"2021-02-11T20:21:29","slug":"formation-militaire-pour-les-jeunes-appeles","status":"publish","type":"post","link":"https:\/\/linitiative.ca\/International\/formation-militaire-pour-les-jeunes-appeles\/","title":{"rendered":"Formation militaire pour les jeunes appel\u00e9s"},"content":{"rendered":"<div class=\"td-post-featured-image\"><a href=\"https:\/\/www.sidwaya.info\/wp-content\/uploads\/2021\/02\/sndsid012.jpg\" data-caption=\"\"><img loading=\"lazy\" decoding=\"async\" width=\"696\" height=\"464\" class=\"entry-thumb td-modal-image\" src=\"https:\/\/www.sidwaya.info\/wp-content\/uploads\/2021\/02\/sndsid012-696x464.jpg\" srcset=\"https:\/\/www.sidwaya.info\/wp-content\/uploads\/2021\/02\/sndsid012-696x464.jpg 696w, https:\/\/www.sidwaya.info\/wp-content\/uploads\/2021\/02\/sndsid012-300x200.jpg 300w, https:\/\/www.sidwaya.info\/wp-content\/uploads\/2021\/02\/sndsid012-768x512.jpg 768w, https:\/\/www.sidwaya.info\/wp-content\/uploads\/2021\/02\/sndsid012-150x100.jpg 150w, https:\/\/www.sidwaya.info\/wp-content\/uploads\/2021\/02\/sndsid012-630x420.jpg 630w, https:\/\/www.sidwaya.info\/wp-content\/uploads\/2021\/02\/sndsid012.jpg 974w\" sizes=\"auto, (max-width: 696px) 100vw, 696px\" alt=\"\" title=\"sndsid012\"\/><\/a><\/div>\n<p><strong>A la suite de la d\u00e9cision du Conseil des ministres du 29 janvier 2021 de r\u00e9-instituer la formation militaire de base dans l\u2019accomplissement du service civique, le directeur g\u00e9n\u00e9ral du Service national pour le D\u00e9veloppement (SND), l\u2019intendant colonel-major, Mathieu Benao, a anim\u00e9 une conf\u00e9rence de presse, le jeudi 11 f\u00e9vrier 2021, \u00e0 Ouagadougou, pour \u00e9clairer l\u2019opinion.<\/strong><\/p>\n<p>Le gouvernement a pris trois d\u00e9crets relatifs au Service national pour le d\u00e9veloppement (SND) lors du Conseil des ministres du 29 janvier 2021. Le deuxi\u00e8me d\u00e9cret a port\u00e9 sur la r\u00e9instauration pour les jeunes \u00abAppel\u00e9s\u00bb dont l\u2019\u00e2ge est compris entre 18 et 30 ans, une formation civique et militaire de 90 jours. Pour donner de plus d\u2019amples explications inh\u00e9rentes \u00e0 cette d\u00e9cision, le Directeur g\u00e9n\u00e9ral (DG) du Service national pour le d\u00e9veloppement (SND), l\u2019intendant Colonel-major, Mathieu B\u00e9nao, a anim\u00e9 une conf\u00e9rence de presse, le jeudi 11 f\u00e9vrier 2021, \u00e0 Ouagadougou. \u00ab Les jeunes gens concern\u00e9s sont ceux issus des \u00e9coles de formation professionnelle ou d\u2019autres structures de l\u2019Etat. Toutefois, toute structure publique ou priv\u00e9e peut solliciter la formation civique et militaire au profit de ses apprenants ou salari\u00e9s, par le biais d\u2019une convention avec la direction g\u00e9n\u00e9rale du SND \u00bb, a indiqu\u00e9 le conf\u00e9rencier. A l\u2019entendre, le choix d\u2019une telle d\u00e9cision se justifie par un contexte d\u2019ins\u00e9curit\u00e9 marqu\u00e9 par l\u2019incivisme, l\u2019intol\u00e9rance, la d\u00e9fiance de l\u2019autorit\u00e9 et des comportements qui compromettent la coh\u00e9sion sociale. L\u2019intendant colonel-major B\u00e9nao, a inform\u00e9 que les personnes qui seront recrut\u00e9es pour la formation civique et militaire, vont subir une visite m\u00e9dicale \u00e0 l\u2019issue de laquelle celles d\u00e9clar\u00e9es \u00abaptes \u00bb seront retenues. \u00abLes candidats d\u00e9clar\u00e9s inaptes re\u00e7oivent une formation adapt\u00e9e \u00e0 leurs capacit\u00e9s. (\u2026) Une attestation de formation civique et militaire est d\u00e9livr\u00e9e aux appel\u00e9s \u00e0 l\u2019issue des 90 jours de formation. Les jeunes ayant pris part \u00e0 la formation civique et militaire b\u00e9n\u00e9ficient d\u2019une bonification de production de six mois\u00bb, a-t-il d\u00e9taill\u00e9.<br \/>Le SND dispose-t-il des moyens et capacit\u00e9s pour assurer la formation ? \u00abNous avons les capacit\u00e9s pour assurer la formation. Si le gouvernement a pris une telle d\u00e9cision, c\u2019est qu\u2019il va \u00e9galement pr\u00e9voir les possibilit\u00e9s de nous accompagner dans la r\u00e9ussite du travail \u00bb, a r\u00e9pondu M. B\u00e9nao. Quel sera le contenu de la formation ? Le DG du SND a indiqu\u00e9, qu\u2019il sera \u00e9labor\u00e9 en collaboration avec le chef d\u2019\u00e9tat-major g\u00e9n\u00e9ral des arm\u00e9es. Quand va-t-elle d\u00e9buter ? \u00ab Nous pensons que la formation va d\u00e9marrer cette ann\u00e9e avec les \u00e9l\u00e8ves des \u00e9coles de formation professionnelles ou d\u2019autres structures de l\u2019Etat \u00bb, a-t-il confi\u00e9. L\u2019intendant colonel-major a rappel\u00e9 que les deux autres d\u00e9crets se rapportent aux modalit\u00e9s d\u2019accomplissement du service national et \u00e0 l\u2019approbation des statuts particuliers du SND.<\/p>\n<p>Karim BADOLO<\/p>\n<div class=\"td-a-rec td-a-rec-id-content_bottom tdi_33_aa2 td_block_template_1\"><img loading=\"lazy\" decoding=\"async\" class=\"aligncenter size-full wp-image-27454\" src=\"https:\/\/www.sidwaya.info\/wp-content\/uploads\/2020\/10\/PUB-Bandeau-paiement-mobile-siteweb.jpg\" alt=\"\" width=\"728\" height=\"90\"\/><\/div>\n<p>Auteur: BM. Sidwaya<br \/>\n<a href=\"https:\/\/www.sidwaya.info\/blog\/2021\/02\/11\/formation-militaire-pour-les-jeunes-appeles\/\">Cliquez ici pour lire l&rsquo;article depuis sa source.<\/a><\/p>\n","protected":false},"excerpt":{"rendered":"<p>A la suite de la d\u00e9cision du Conseil des ministres du 29 janvier 2021 de r\u00e9-instituer la formation militaire de base dans l\u2019accomplissement du service civique, le directeur g\u00e9n\u00e9ral du Service national pour le D\u00e9veloppement (SND), l\u2019intendant colonel-major, Mathieu Benao, a anim\u00e9 une conf\u00e9rence de presse, le jeudi 11 f\u00e9vrier 2021, \u00e0 Ouagadougou, pour \u00e9clairer [&hellip;]<\/p>\n","protected":false},"author":1816,"featured_media":0,"comment_status":"closed","ping_status":"closed","sticky":false,"template":"","format":"standard","meta":{"fifu_image_url":"https:\/\/www.sidwaya.info\/wp-content\/uploads\/2021\/02\/sndsid012-696x464.jpg","fifu_image_alt":"Formation militaire pour les jeunes appel\u00e9s","footnotes":""},"categories":[73,81],"tags":[],"class_list":["post-111078","post","type-post","status-publish","format-standard","hentry","category-actualite","category-burkina-faso"],"_links":{"self":[{"href":"https:\/\/linitiative.ca\/International\/wp-json\/wp\/v2\/posts\/111078","targetHints":{"allow":["GET"]}}],"collection":[{"href":"https:\/\/linitiative.ca\/International\/wp-json\/wp\/v2\/posts"}],"about":[{"href":"https:\/\/linitiative.ca\/International\/wp-json\/wp\/v2\/types\/post"}],"author":[{"embeddable":true,"href":"https:\/\/linitiative.ca\/International\/wp-json\/wp\/v2\/users\/1816"}],"replies":[{"embeddable":true,"href":"https:\/\/linitiative.ca\/International\/wp-json\/wp\/v2\/comments?post=111078"}],"version-history":[{"count":0,"href":"https:\/\/linitiative.ca\/International\/wp-json\/wp\/v2\/posts\/111078\/revisions"}],"wp:attachment":[{"href":"https:\/\/linitiative.ca\/International\/wp-json\/wp\/v2\/media?parent=111078"}],"wp:term":[{"taxonomy":"category","embeddable":true,"href":"https:\/\/linitiative.ca\/International\/wp-json\/wp\/v2\/categories?post=111078"},{"taxonomy":"post_tag","embeddable":true,"href":"https:\/\/linitiative.ca\/International\/wp-json\/wp\/v2\/tags?post=111078"}],"curies":[{"name":"wp","href":"https:\/\/api.w.org\/{rel}","templated":true}]}}