{"id":111079,"date":"2021-02-11T15:22:24","date_gmt":"2021-02-11T20:22:24","guid":{"rendered":"https:\/\/linitiative.ca\/International\/messe-de-kermesse-haro\/"},"modified":"2021-02-11T15:22:24","modified_gmt":"2021-02-11T20:22:24","slug":"messe-de-kermesse-haro","status":"publish","type":"post","link":"https:\/\/linitiative.ca\/International\/messe-de-kermesse-haro\/","title":{"rendered":"Messe de kermesse, haro !"},"content":{"rendered":"<p>Faut-il des vigiles aux portes de nos \u00e9glises pour nous \u00e9pargner de l\u2019emprise du d\u00e9lire ? Faut-il s\u00e9vir contre ces fid\u00e8les en panne de foi et qui emp\u00eachent nos voix de monter au Ciel ? Encore cette fois, que celui qui trouve notre regard hagard ne nous fasse pas la bagarre, qu\u2019il zappe sans tintamarre. Nous ne parlons pas au hasard. On en a marre ! Monsieur l\u2019abb\u00e9, je vous avais dit un jour que si vous ne mettiez pas des vigiles aux portes de nos \u00e9glises, Dieu finira par nous quitter. Je vous avais pr\u00e9venu que tant que nos \u00e9glises seront des plateaux de d\u00e9fil\u00e9s de mode aux antipodes des codes divins, nous prierons peut-\u00eatre, mais nous perdrons notre temps, parce qu\u2019il n\u2019y a pas de demi foi. Je vous avais bien dit que tant que ces femmes aux allures suggestives d\u00e9ambuleront devant nos autels, nous prierons dans des \u00ab poubelles \u00bb. Je vous avais dit que tant que ces filles viles en guenilles, marcheront comme des b\u00e9quilles de brindilles, sans coquilles d\u00e9centes, le Saint Esprit aura du mal dans sa<br \/>descente.<br \/>La Maison de Dieu n\u2019est pas un bazar pour des d\u00e9munis spirituels en manque de publicit\u00e9. La Maison de Dieu n\u2019est pas une passerelle d\u2019exhibition o\u00f9 l\u2019on entre aux allures de divagation. Mesdames et messieurs les vicieux, le Royaume des Cieux appartient aux r\u00e9v\u00e9rencieux, \u00e0 ceux qui viennent pour \u00e9couter la Bonne nouvelle ; pas \u00e0 ceux qui viennent pour go\u00fbter au fruit d\u00e9fendu. Quand des \u00ab provocantes \u00bb, mal moul\u00e9es se d\u00e9ambulent en funambules comme des pendules en retard, parfois sans bretelles entre les all\u00e9es qui m\u00e8nent \u00e0 l\u2019autel, avouons que les \u00e9vangiles auront du mal \u00e0 se fossiliser dans les c\u0153urs des brebis. Tant que ces \u00abbeaut\u00e9s g\u00e9n\u00e9tiquement modifi\u00e9es\u00bb se d\u00e9pi\u00e9ceront de la t\u00eate aux pieds pour nous offrir leur corps en plein partage du corps en or du Christ-Tr\u00e9sor, nos efforts seront sans<br \/>r\u00e9confort.<br \/>Nous avons parfois l\u2019envie et la rage de crier sans remords : \u00ab O Satan, sors ! Vas-t-en, dehors ! \u00bb Mais au fond de nous, l\u2019Evangile nous rend habile et docile, m\u00eame subtile. Mais jusqu\u2019\u00e0 quand va-t-on laisser ces inf\u00e2mes d\u00e9tourner nos \u00e2mes de la gamme c\u00e9leste, pour nous plonger dans les bassesses de nos vanit\u00e9s terrestres ; ces faiblesses qui frisent la hardiesse d\u2019une jeunesse en perte de vitesse. Comprenez ma col\u00e8re et tol\u00e9rez que je sois s\u00e9v\u00e8re envers ces pervers sans rep\u00e8res. Quand la consternation vous envahit en pleine prosternation ; quand la m\u00e9ditation c\u00f4toie la d\u00e9pravation ; quand nos privations et nos confessions sont souill\u00e9es en pleine liturgie, comment peut-on se nourrir en \u00e2me et conscience des fruits de l\u2019Eucharistie ? Et ces portables insolents qui bourdonnent, sonnent et tonnent pour se confondre au tr\u00e9molo du cr\u00e9do et rivaliser de cliquetis avec les cloches de la messe ! Sans oublier ceux qui osent griffonner des SMS pour les envoyer s\u00e9ance tenante \u00e0 quelqu\u2019un de plus cher que le Christ. C\u2019est triste !<br \/>L\u2019homme dit moderne a perdu le sens du sacr\u00e9 et la voie du Salut pour se pavaner dans les labyrinthes de la perdition. La tol\u00e9rance sociale a sem\u00e9 la graine de l\u2019errance bestiale. Le laxisme et le mutisme des uns et des autres sur le respect de certaines valeurs cardinales ont perverti la soci\u00e9t\u00e9 jusqu\u2019au pied des \u00e9glises. C\u2019est triste de voir toutes ces gesticulations, toutes ces d\u00e9monstrations de force, avec le torse et \u00e0 fleur de peau. Ce sont ces m\u00eames croyants malvoyants qui font des \u00ab sit-in \u00bb \u00e0 la grotte pour emmerder la Sainte Marie et se bousculent dans les lieux de p\u00e8lerinage, juste pour se faire voir et partant, emp\u00eacher les autres de croire. O\u00f9 est votre gloire ? Tout est<br \/>vanit\u00e9, mensonges et illusions.<br \/>Ces coups de plume ne sont pas des paroles d\u2019\u00e9vangile. Ce sont des coups de gueule \u00e0 l\u2019endroit de tous ceux qui pensent que les lieux saints, temples, \u00e9glises et mosqu\u00e9es sont des foires o\u00f9 chacun vient exprimer son pouvoir de feu de paille et sa gloriole pour \u00e9pater le public. Et dire que c\u2019est l\u00e0 que certaines de nos s\u0153urs s\u2019inspirent pour coudre leurs habits l\u00e9gers et flirter avec des copains malsains. Et dire que c\u2019est m\u00eame \u00e0 travers ces manies que certaines tentent de tenter le charmant c\u00e9l\u00e9brant sinc\u00e8re. Ce n\u2019est pas bien ! A toutes les stars de nos lieux de culte, votre exub\u00e9rance nous rend inculte. Aujourd\u2019hui, certains perdent la fois \u00e0 l\u2019\u00e9glise, parce que la d\u00e9mesure frise la luxure. Assez de bluff au pied de la sainte Croix ! Vous avez privatis\u00e9 nos lieux de pri\u00e8res. Vous avez sali ces lieux. On ne se comporte pas \u00e0 la messe comme dans une kermesse. Monsieur l\u2019Abb\u00e9, vos panneaux d\u2019avertissement \u00ab tenue correcte exig\u00e9e \u00bb sont invisibles. Vite, des vigiles, des vigiles aux portes de nos \u00e9glises ! Vanit\u00e9, vanit\u00e9, vanit\u00e9, tout est vanit\u00e9 !<\/p>\n<p>Cl\u00e9ment ZONGO<br \/>clmentzongo@yahoo.fr<\/p>\n<div class=\"td-a-rec td-a-rec-id-content_bottom tdi_33_fa2 td_block_template_1\"><img loading=\"lazy\" decoding=\"async\" class=\"aligncenter size-full wp-image-27454\" src=\"https:\/\/www.sidwaya.info\/wp-content\/uploads\/2020\/10\/PUB-Bandeau-paiement-mobile-siteweb.jpg\" alt=\"\" width=\"728\" height=\"90\"\/><\/div>\n<p>Auteur: BM. Sidwaya<br \/>\n<a href=\"https:\/\/www.sidwaya.info\/blog\/2021\/02\/11\/messe-de-kermesse-haro\/\">Cliquez ici pour lire l&rsquo;article depuis sa source.<\/a><\/p>\n","protected":false},"excerpt":{"rendered":"<p>Faut-il des vigiles aux portes de nos \u00e9glises pour nous \u00e9pargner de l\u2019emprise du d\u00e9lire ? Faut-il s\u00e9vir contre ces fid\u00e8les en panne de foi et qui emp\u00eachent nos voix de monter au Ciel ? Encore cette fois, que celui qui trouve notre regard hagard ne nous fasse pas la bagarre, qu\u2019il zappe sans tintamarre. [&hellip;]<\/p>\n","protected":false},"author":1816,"featured_media":0,"comment_status":"closed","ping_status":"closed","sticky":false,"template":"","format":"standard","meta":{"fifu_image_url":"https:\/\/www.sidwaya.info\/wp-content\/uploads\/2020\/10\/PUB-Bandeau-paiement-mobile-siteweb.jpg","fifu_image_alt":"Messe de kermesse, haro !","footnotes":""},"categories":[73,81],"tags":[],"class_list":["post-111079","post","type-post","status-publish","format-standard","hentry","category-actualite","category-burkina-faso"],"_links":{"self":[{"href":"https:\/\/linitiative.ca\/International\/wp-json\/wp\/v2\/posts\/111079","targetHints":{"allow":["GET"]}}],"collection":[{"href":"https:\/\/linitiative.ca\/International\/wp-json\/wp\/v2\/posts"}],"about":[{"href":"https:\/\/linitiative.ca\/International\/wp-json\/wp\/v2\/types\/post"}],"author":[{"embeddable":true,"href":"https:\/\/linitiative.ca\/International\/wp-json\/wp\/v2\/users\/1816"}],"replies":[{"embeddable":true,"href":"https:\/\/linitiative.ca\/International\/wp-json\/wp\/v2\/comments?post=111079"}],"version-history":[{"count":0,"href":"https:\/\/linitiative.ca\/International\/wp-json\/wp\/v2\/posts\/111079\/revisions"}],"wp:attachment":[{"href":"https:\/\/linitiative.ca\/International\/wp-json\/wp\/v2\/media?parent=111079"}],"wp:term":[{"taxonomy":"category","embeddable":true,"href":"https:\/\/linitiative.ca\/International\/wp-json\/wp\/v2\/categories?post=111079"},{"taxonomy":"post_tag","embeddable":true,"href":"https:\/\/linitiative.ca\/International\/wp-json\/wp\/v2\/tags?post=111079"}],"curies":[{"name":"wp","href":"https:\/\/api.w.org\/{rel}","templated":true}]}}