{"id":111086,"date":"2021-02-11T09:18:02","date_gmt":"2021-02-11T14:18:02","guid":{"rendered":"https:\/\/linitiative.ca\/International\/cote-divoire-arret-temporaire-de-la-commercialisation-de-fervex\/"},"modified":"2021-02-11T09:18:02","modified_gmt":"2021-02-11T14:18:02","slug":"cote-divoire-arret-temporaire-de-la-commercialisation-de-fervex","status":"publish","type":"post","link":"https:\/\/linitiative.ca\/International\/cote-divoire-arret-temporaire-de-la-commercialisation-de-fervex\/","title":{"rendered":"C\u00f4te d\u2019Ivoire: arr\u00eat temporaire de la commercialisation de Fervex"},"content":{"rendered":"<div readability=\"32\">\n<p>Publi\u00e9 le 11.02.2021 \u00e0 15h18 par APA News<\/p>\n<\/div>\n<div readability=\"51\">\n<p>La commercialisation du m\u00e9dicament Fervex adulte sans sucre, granul\u00e9s pour la solution buvable en sachet a \u00e9t\u00e9 temporairement arr\u00eat\u00e9e en C\u00f4te d\u2019Ivoire, a appris APA, jeudi, de source officielle sur place.<\/p>\n<p>Selon note d\u2019information adress\u00e9e aux professionnels de sant\u00e9 par l\u2019Autorit\u00e9 ivoirienne de r\u00e9gulation pharmaceutique ( AIRP), la d\u00e9cision a \u00e9t\u00e9 prise en accord avec le Laboratoire UPSA SAS.<\/p>\n<p>Le document sign\u00e9 par Dr Assane Coulibaly, explique que cet arr\u00eat de commercialisation r\u00e9sulte d\u2019une investigation pr\u00e9liminaire men\u00e9e suite \u00e0 la d\u00e9tection d\u2019une valeur hors sp\u00e9cification observ\u00e9e durant les essais de stabilit\u00e9s annuels sur le lot T4705. Par cons\u00e9quent, conclut la note, le visa d\u2019enregistrement N\u00b0E-94-0112 est abrog\u00e9.<\/p>\n<\/div>\n<p>Auteur: APA News<br \/>\n<a href=\"https:\/\/www.journalducameroun.com\/cote-divoire-arret-temporaire-de-la-commercialisation-de-fervex\/\">Cliquez ici pour lire l&rsquo;article depuis sa source.<\/a><\/p>\n","protected":false},"excerpt":{"rendered":"<p>Publi\u00e9 le 11.02.2021 \u00e0 15h18 par APA News La commercialisation du m\u00e9dicament Fervex adulte sans sucre, granul\u00e9s pour la solution buvable en sachet a \u00e9t\u00e9 temporairement arr\u00eat\u00e9e en C\u00f4te d\u2019Ivoire, a appris APA, jeudi, de source officielle sur place. Selon note d\u2019information adress\u00e9e aux professionnels de sant\u00e9 par l\u2019Autorit\u00e9 ivoirienne de r\u00e9gulation pharmaceutique ( AIRP), [&hellip;]<\/p>\n","protected":false},"author":1965,"featured_media":0,"comment_status":"closed","ping_status":"closed","sticky":false,"template":"","format":"standard","meta":{"fifu_image_url":"","fifu_image_alt":"","footnotes":""},"categories":[73,82],"tags":[],"class_list":["post-111086","post","type-post","status-publish","format-standard","hentry","category-actualite","category-cameroun"],"_links":{"self":[{"href":"https:\/\/linitiative.ca\/International\/wp-json\/wp\/v2\/posts\/111086","targetHints":{"allow":["GET"]}}],"collection":[{"href":"https:\/\/linitiative.ca\/International\/wp-json\/wp\/v2\/posts"}],"about":[{"href":"https:\/\/linitiative.ca\/International\/wp-json\/wp\/v2\/types\/post"}],"author":[{"embeddable":true,"href":"https:\/\/linitiative.ca\/International\/wp-json\/wp\/v2\/users\/1965"}],"replies":[{"embeddable":true,"href":"https:\/\/linitiative.ca\/International\/wp-json\/wp\/v2\/comments?post=111086"}],"version-history":[{"count":0,"href":"https:\/\/linitiative.ca\/International\/wp-json\/wp\/v2\/posts\/111086\/revisions"}],"wp:attachment":[{"href":"https:\/\/linitiative.ca\/International\/wp-json\/wp\/v2\/media?parent=111086"}],"wp:term":[{"taxonomy":"category","embeddable":true,"href":"https:\/\/linitiative.ca\/International\/wp-json\/wp\/v2\/categories?post=111086"},{"taxonomy":"post_tag","embeddable":true,"href":"https:\/\/linitiative.ca\/International\/wp-json\/wp\/v2\/tags?post=111086"}],"curies":[{"name":"wp","href":"https:\/\/api.w.org\/{rel}","templated":true}]}}