{"id":111087,"date":"2021-02-11T09:18:03","date_gmt":"2021-02-11T14:18:03","guid":{"rendered":"https:\/\/linitiative.ca\/International\/signature-dun-accord-pour-promouvoir-leconomie-circulaire-en-cote-divoire\/"},"modified":"2021-02-11T09:18:03","modified_gmt":"2021-02-11T14:18:03","slug":"signature-dun-accord-pour-promouvoir-leconomie-circulaire-en-cote-divoire","status":"publish","type":"post","link":"https:\/\/linitiative.ca\/International\/signature-dun-accord-pour-promouvoir-leconomie-circulaire-en-cote-divoire\/","title":{"rendered":"Signature d\u2019un accord pour promouvoir l\u2019\u00e9conomie circulaire en C\u00f4te d\u2019Ivoire"},"content":{"rendered":"<div readability=\"32\">\n<p>Publi\u00e9 le 11.02.2021 \u00e0 15h18 par APA News<\/p>\n<\/div>\n<div readability=\"86\">\n<p>Un accord pour promouvoir l\u2019\u00e9conomie circulaire et les emplois verts en C\u00f4te d\u2019Ivoire a \u00e9t\u00e9 sign\u00e9, jeudi \u00e0 Abidjan, a constat\u00e9 APA sur place dans la capitale \u00e9conomique ivoirienne.<\/p>\n<p>Paraph\u00e9 par le minist\u00e8re ivoirien de l\u2019Environnement et du d\u00e9veloppement durable et le groupe agro-alimentaire Nestl\u00e9 C\u00f4te d\u2019Ivoire, \u00a0cet accord concerne en particulier deux entit\u00e9s du service public ivoirien.<\/p>\n<p>Il s\u2019agit de la direction de l\u2019\u00e9conomie verte et de la responsabilit\u00e9 soci\u00e9tale des organisations (DEVRSO), et du Centre ivoirien antipollution (CIAPOL), deux structures sous tutelle du minist\u00e8re ivoirien de l\u2019Environnement et du d\u00e9veloppement durable.<\/p>\n<p>\u00a0Le professeur Joseph S\u00e9ka S\u00e9ka, ministre de l\u2019Environnement et du d\u00e9veloppement durable, qui s\u2019est f\u00e9licit\u00e9 de la signature de cet accord, a estim\u00e9 que la croissance \u00e9conomique de la C\u00f4te d\u2019Ivoire ne saurait \u00eatre durable sans la prise en compte des questions environnementales dans les politiques et projets de d\u00e9veloppement.<\/p>\n<p>Par ailleurs, il s\u2019est r\u00e9joui de ce que ce groupe agro-alimentaire a compris tous les enjeux \u00e9conomiques, environnementaux et sociaux de cette politique environnementale.<\/p>\n<p>Le ministre a profit\u00e9 de cette occasion pour inviter les op\u00e9rateurs \u00e9conomiques exer\u00e7ant dans le pays \u00a0\u00ab \u00e0 respecter les mesures environnementales et \u00e0 mettre en place une politique environnementale assortie de projets \u00e9cologiques innovants \u00bb.\u00a0<\/p>\n<p>Avant lui, Thomas Caso, le directeur g\u00e9n\u00e9ral de Nestl\u00e9 C\u00f4te d\u2019Ivoire a dit l\u2019engagement de sa soci\u00e9t\u00e9 \u00e0 partager son exp\u00e9rience avec d\u2019autres entreprises afin que celles-ci int\u00e8grent la d\u00e9marche environnementale dans leurs activit\u00e9s.<\/p>\n<p>\u00ab Dans la lutte contre le plastique, notre groupe s\u2019est aussi fix\u00e9 un objectif tr\u00e8s ambitieux qui est de rendre 100% de nos emballages recyclables ou r\u00e9utilisables d\u2019ici 2025 afin que plus aucun de nos emballages ne finisse dans la nature \u00bb, a promis M. Caso.<\/p>\n<p>\u00a0Poursuivant, il a insist\u00e9 sur la volont\u00e9 de son groupe de promouvoir l\u2019\u00e9conomie circulaire afin de r\u00e9aliser son objectif \u00a0\u00ab de durabilit\u00e9 environnementale et diminuer la pollution plastique dans nos oc\u00e9ans et rivi\u00e8res notamment \u00a0\u00bb.<\/p>\n<p>Ce partenariat de convention porte sur plusieurs domaines dont l\u2019\u00e9valuation du syst\u00e8me de collecte et de valorisation, l\u2019\u00e9conomie circulaire, l\u2019\u00e9co labellisation des produits recycl\u00e9s et la responsabilit\u00e9 soci\u00e9tale des entreprises.<\/p>\n<\/div>\n<p>Auteur: APA News<br \/>\n<a href=\"https:\/\/www.journalducameroun.com\/signature-dun-accord-pour-promouvoir-leconomie-circulaire-en-cote-divoire\/\">Cliquez ici pour lire l&rsquo;article depuis sa source.<\/a><\/p>\n","protected":false},"excerpt":{"rendered":"<p>Publi\u00e9 le 11.02.2021 \u00e0 15h18 par APA News Un accord pour promouvoir l\u2019\u00e9conomie circulaire et les emplois verts en C\u00f4te d\u2019Ivoire a \u00e9t\u00e9 sign\u00e9, jeudi \u00e0 Abidjan, a constat\u00e9 APA sur place dans la capitale \u00e9conomique ivoirienne. Paraph\u00e9 par le minist\u00e8re ivoirien de l\u2019Environnement et du d\u00e9veloppement durable et le groupe agro-alimentaire Nestl\u00e9 C\u00f4te d\u2019Ivoire, [&hellip;]<\/p>\n","protected":false},"author":1965,"featured_media":0,"comment_status":"closed","ping_status":"closed","sticky":false,"template":"","format":"standard","meta":{"fifu_image_url":"","fifu_image_alt":"","footnotes":""},"categories":[73,82],"tags":[],"class_list":["post-111087","post","type-post","status-publish","format-standard","hentry","category-actualite","category-cameroun"],"_links":{"self":[{"href":"https:\/\/linitiative.ca\/International\/wp-json\/wp\/v2\/posts\/111087","targetHints":{"allow":["GET"]}}],"collection":[{"href":"https:\/\/linitiative.ca\/International\/wp-json\/wp\/v2\/posts"}],"about":[{"href":"https:\/\/linitiative.ca\/International\/wp-json\/wp\/v2\/types\/post"}],"author":[{"embeddable":true,"href":"https:\/\/linitiative.ca\/International\/wp-json\/wp\/v2\/users\/1965"}],"replies":[{"embeddable":true,"href":"https:\/\/linitiative.ca\/International\/wp-json\/wp\/v2\/comments?post=111087"}],"version-history":[{"count":0,"href":"https:\/\/linitiative.ca\/International\/wp-json\/wp\/v2\/posts\/111087\/revisions"}],"wp:attachment":[{"href":"https:\/\/linitiative.ca\/International\/wp-json\/wp\/v2\/media?parent=111087"}],"wp:term":[{"taxonomy":"category","embeddable":true,"href":"https:\/\/linitiative.ca\/International\/wp-json\/wp\/v2\/categories?post=111087"},{"taxonomy":"post_tag","embeddable":true,"href":"https:\/\/linitiative.ca\/International\/wp-json\/wp\/v2\/tags?post=111087"}],"curies":[{"name":"wp","href":"https:\/\/api.w.org\/{rel}","templated":true}]}}