{"id":111088,"date":"2021-02-11T11:18:01","date_gmt":"2021-02-11T16:18:01","guid":{"rendered":"https:\/\/linitiative.ca\/International\/botswana-les-vagues-dexecutions-suscitent-des-critiques\/"},"modified":"2021-02-11T11:18:01","modified_gmt":"2021-02-11T16:18:01","slug":"botswana-les-vagues-dexecutions-suscitent-des-critiques","status":"publish","type":"post","link":"https:\/\/linitiative.ca\/International\/botswana-les-vagues-dexecutions-suscitent-des-critiques\/","title":{"rendered":"Botswana : Les vagues d\u2019ex\u00e9cutions suscitent des critiques"},"content":{"rendered":"<div readability=\"32\">\n<p>Publi\u00e9 le 11.02.2021 \u00e0 17h18 par APA News<\/p>\n<\/div>\n<div readability=\"74\">\n<p>Le Royaume-Uni, le Canada, l\u2019Australie et la Nouvelle-Z\u00e9lande ont appel\u00e9 le gouvernement du Botswana \u00e0 reconsid\u00e9rer sa position sur la peine de mort .Ces appels interviennent apr\u00e8s l\u2019ex\u00e9cution cette semaine de deux condamn\u00e9s \u00e0 mort. Dans une d\u00e9claration commune, les hauts-commissaires (ambassadeurs) des quatre pays ont r\u00e9affirm\u00e9 leur ferme opposition \u00e0 la peine capitale au Botswana et invit\u00e9 le gouvernement du Pr\u00e9sident Mokgweetsi Masisi \u00e0 lancer un d\u00e9bat public sur la question de savoir si la peine capitale devait continuer.<\/p>\n<p>\u00ab Nous continuons d\u2019appeler le Botswana \u00e0 lancer un d\u00e9bat public sur son utilisation de la peine de mort, comme le gouvernement du Botswana l\u2019a d\u00e9j\u00e0 accept\u00e9 lors de l\u2019examen p\u00e9riodique universel du Conseil des droits de l\u2019homme de l\u2019ONU en janvier 2018 \u00bb, ont d\u00e9clar\u00e9 les ambassadeurs.<\/p>\n<p>La peine de mort est toujours utilis\u00e9e pour les condamnations pour meurtre au Botswana, qui est le seul pays d\u2019Afrique australe qui continue de proc\u00e9der \u00e0 des ex\u00e9cutions.<\/p>\n<p>Le Service p\u00e9nitentiaire du Botswana a annonc\u00e9 cette semaine les ex\u00e9cutions de Wedu Mosalagae, 33 ans, et de Kutlo Setima, 29 ans, le 8 f\u00e9vrier \u00e0 la prison centrale de Gaborone. Ils ont tous deux \u00e9t\u00e9 condamn\u00e9s \u00e0 mort en 2019 pour des infractions li\u00e9es \u00e0 des meurtres.<\/p>\n<p>Au total, six personnes ont \u00e9t\u00e9 ex\u00e9cut\u00e9es depuis l\u2019investiture du pr\u00e9sident Masisi en novembre 2019. Les derni\u00e8res ex\u00e9cutions ont \u00e9galement attir\u00e9 les critiques d\u2019Amnesty International, qui les a d\u00e9crites comme \u00ab un rappel effrayant du m\u00e9pris avec lequel les autorit\u00e9s botswanaises consid\u00e8rent le droit \u00e0 la vie \u00bb.<\/p>\n<p>\u00ab\u00a0La peine de mort est cruelle et inhumaine, et il n\u2019y a aucune preuve cr\u00e9dible qu\u2019elle ait un plus grand effet dissuasif sur la criminalit\u00e9 que l\u2019emprisonnement \u00bb, a d\u00e9clar\u00e9 Deprose Muchena, le Directeur d\u2019Amnesty International pour l\u2019Afrique orientale et australe.<\/p>\n<p>Il a estim\u00e9 que les autorit\u00e9s du Botswana devraient plut\u00f4t concentrer leurs efforts sur la lutte contre les causes de la criminalit\u00e9.<\/p>\n<\/div>\n<p>Auteur: APA News<br \/>\n<a href=\"https:\/\/www.journalducameroun.com\/botswana-les-vagues-dexecutions-suscitent-des-critiques\/\">Cliquez ici pour lire l&rsquo;article depuis sa source.<\/a><\/p>\n","protected":false},"excerpt":{"rendered":"<p>Publi\u00e9 le 11.02.2021 \u00e0 17h18 par APA News Le Royaume-Uni, le Canada, l\u2019Australie et la Nouvelle-Z\u00e9lande ont appel\u00e9 le gouvernement du Botswana \u00e0 reconsid\u00e9rer sa position sur la peine de mort .Ces appels interviennent apr\u00e8s l\u2019ex\u00e9cution cette semaine de deux condamn\u00e9s \u00e0 mort. Dans une d\u00e9claration commune, les hauts-commissaires (ambassadeurs) des quatre pays ont r\u00e9affirm\u00e9 [&hellip;]<\/p>\n","protected":false},"author":1965,"featured_media":0,"comment_status":"closed","ping_status":"closed","sticky":false,"template":"","format":"standard","meta":{"fifu_image_url":"","fifu_image_alt":"","footnotes":""},"categories":[73,82],"tags":[],"class_list":["post-111088","post","type-post","status-publish","format-standard","hentry","category-actualite","category-cameroun"],"_links":{"self":[{"href":"https:\/\/linitiative.ca\/International\/wp-json\/wp\/v2\/posts\/111088","targetHints":{"allow":["GET"]}}],"collection":[{"href":"https:\/\/linitiative.ca\/International\/wp-json\/wp\/v2\/posts"}],"about":[{"href":"https:\/\/linitiative.ca\/International\/wp-json\/wp\/v2\/types\/post"}],"author":[{"embeddable":true,"href":"https:\/\/linitiative.ca\/International\/wp-json\/wp\/v2\/users\/1965"}],"replies":[{"embeddable":true,"href":"https:\/\/linitiative.ca\/International\/wp-json\/wp\/v2\/comments?post=111088"}],"version-history":[{"count":0,"href":"https:\/\/linitiative.ca\/International\/wp-json\/wp\/v2\/posts\/111088\/revisions"}],"wp:attachment":[{"href":"https:\/\/linitiative.ca\/International\/wp-json\/wp\/v2\/media?parent=111088"}],"wp:term":[{"taxonomy":"category","embeddable":true,"href":"https:\/\/linitiative.ca\/International\/wp-json\/wp\/v2\/categories?post=111088"},{"taxonomy":"post_tag","embeddable":true,"href":"https:\/\/linitiative.ca\/International\/wp-json\/wp\/v2\/tags?post=111088"}],"curies":[{"name":"wp","href":"https:\/\/api.w.org\/{rel}","templated":true}]}}