{"id":111092,"date":"2021-02-11T10:43:10","date_gmt":"2021-02-11T15:43:10","guid":{"rendered":"https:\/\/linitiative.ca\/International\/le-chiffre-daffaires-de-la-crtv-augmente-de-13-en-2019\/"},"modified":"2021-02-11T10:43:10","modified_gmt":"2021-02-11T15:43:10","slug":"le-chiffre-daffaires-de-la-crtv-augmente-de-13-en-2019","status":"publish","type":"post","link":"https:\/\/linitiative.ca\/International\/le-chiffre-daffaires-de-la-crtv-augmente-de-13-en-2019\/","title":{"rendered":"Le chiffre d\u2019affaires de la CRTV augmente de 13% en 2019"},"content":{"rendered":"<p>La Cameroon radio television (CRTV), fait partie des cinquante entreprises pass\u00e9es au scanner de la Commission technique de r\u00e9habilitation des entreprises du secteur public et parapublic (CTR) du minist\u00e8re des Finances. Pour le compte de l\u2019ann\u00e9e 2019, p\u00e9riode durant laquelle courait son plan strat\u00e9gique 2018-2020, l\u2019on enregistre comme crit\u00e8res de performances des capitaux propres de l\u2019ordre de -15,223 milliards en 2019 contre -14,174 milliards en 2018\u00a0; une dette sociale de 5,400 milliards en 2019 contre 4,690 milliards en 2018\u00a0; un chiffre d\u2019affaires de 1,873 milliard en 2019 contre 1,653 milliard en 2018\u00a0; un r\u00e9sultat d\u2019exploitation de -370,775 millions en 2019 contre \u20131,413 milliards l\u2019ann\u00e9e d\u2019avant\u00a0; r\u00e9sultat net de l\u2019ordre de \u20131,462 milliard contre \u20131,503 milliard en 2018\u00a0; une tr\u00e9sorier nette de -338,675 millions contre 3,415 milliards l\u2019ann\u00e9e d\u2019avant.<\/p>\n<p><strong>Lire aussi<\/strong> : <a href=\"https:\/\/ecomatin.net\/chan-2020-la-crtv-revendique-ses-droits-de-diffusion\/\">Chan 2020 : la Crtv revendique ses droits de diffusion<\/a><\/p>\n<p>Sur le point pr\u00e9cis du chiffre d\u2019affaires, la CTR fait savoir que \u00ab\u00a0la CRTV a d\u00e9gag\u00e9 un chiffre d\u2019affaires de FCFA 1 873 159 285 au titre de l\u2019exercice 2019, en nette augmentation par rapport \u00e0 2018 (13,27%), mais en recul par rapport \u00e0 2017. Il se traduit par le rel\u00e8vement des recettes issues des frais de mise \u00e0 l\u2019antenne, de production, ainsi que des frais de scolarit\u00e9 et location de l\u2019IFCPA. L\u2019exploitation de la CRTV est principalement financ\u00e9e par la Redevance Audiovisuelle (RAV) revers\u00e9e annuellement par le Tr\u00e9sor public. Elle a connu une baisse de 17% en 2019\u00a0\u00bb.<\/p>\n<p>Sur ses capitaux propres elle indique\u00a0que \u00ab\u00a0les capitaux propres de la CRTV continuent \u00e0 se d\u00e9grader en 2019, ce qui confirme les difficult\u00e9s de la CRTV \u00e0 financer ses investissements ou \u00e0 lever les fonds aupr\u00e8s des \u00e9tablissements financiers sans l\u2019accompagnement de l\u2019Etat. La CRTV a ainsi \u00e9t\u00e9 contrainte \u00e0 recourir \u00e0 d\u2019importants d\u00e9couverts bancaires pour le financement de certains investissements\u00a0\u00bb.<\/p>\n<p>Toujours selon le classement de la CTR, l\u2019on apprend que la CRTV figure parmi les entreprises \u00e0 risque budg\u00e9taire pour l\u2019Etat. Elle occupe la 11<sup>e<\/sup>\u00a0place du classement effectu\u00e9e par ce service du Minfi, derri\u00e8re la Soci\u00e9t\u00e9 camerounaise de d\u00e9p\u00f4ts p\u00e9troliers et devant la Soci\u00e9t\u00e9 national de transport \u00e9lectrique dans la cat\u00e9gorie \u00ab\u00a0risque moyen avec une dette sup\u00e9rieure ou \u00e9gale \u00e0 50 milliards et inf\u00e9rieure ou \u00e9gale 20 milliards\u00a0\u00bb.<\/p>\n<p><strong>Lire aussi<\/strong> : <a href=\"https:\/\/ecomatin.net\/la-cameroun-radio-television-adopte-un-budget-de-28-milliards-de-fcfa-pour-2021\/\">La Crtv adopte un budget de 28 milliards de Fcfa pour 2021<\/a><\/p>\n<p>En guise de perspectives pour cet organisme audiovisuel la CTR propose \u00ab\u00a0en d\u00e9finitive, malgr\u00e9 une nette am\u00e9lioration des recettes propres autres que la RAV, le passif de cette entit\u00e9 demeure un risque budg\u00e9taire pour l\u2019Etat, en raison de l\u2019importance de sa dette et de ses pertes constantes. La maitrise de ses charges d\u2019exploitation, notamment les charges de personnels est une condition de viabilit\u00e9. En outre, la clarification du statut juridique de ce m\u00e9dia de service public est \u00e9galement n\u00e9cessaire\u00a0\u00bb.<\/p>\n<p><strong>Perspectives 2021<\/strong><\/p>\n<p>Pour le compte de l\u2019ann\u00e9e 2021, la CRTV a adopt\u00e9 le 29 d\u00e9cembre 2020, un budget de 27,9 milliards.\u00a0\u00a0C\u2019\u00e9tait le 29 d\u00e9cembre 2020 au cours d\u2019une session ordinaire. Budget en hausse de en hausse de 2,2% par rapport \u00e0 celui de l\u2019exercice 2020. Il devra alors permettre \u00e0 la CRTV de couvrir l\u2019ensemble de ses d\u00e9penses et de mettre en \u0153uvre pour une couverture optimale des diff\u00e9rents chantiers qui attendent le Cameroun, notamment la Coupe d\u2019Afrique des Nations\u00a0 (CAN) en\u00a0\u00a02022, et la mise en \u0153uvre de la premi\u00e8re ann\u00e9e de son plan strat\u00e9gique qui va de 2021 \u00e0 2023.<\/p>\n<p><strong>Lire aussi<\/strong> : <a href=\"https:\/\/ecomatin.net\/chan-2020-la-bataille-de-laudience-entre-les-teles-locales\/\">CHAN 2020: la bataille de l\u2019audience entre les t\u00e9l\u00e9s locales<\/a><\/p>\n<p>Pour rappel, la CRTV a \u00e9t\u00e9 cr\u00e9\u00e9 le 17 d\u00e9cembre 1987.\u00a0Elle a pour mission d\u2019assurer la production et la diffusion des produits radiophoniques et t\u00e9l\u00e9visuels. Dans l\u2019optique de la consolidation et l\u2019am\u00e9lioration continue de son offre audiovisuelle et digitale. Dans le cadre de son d\u00e9veloppement, elle s\u2019est dot\u00e9e d\u2019une filiale d\u00e9nomm\u00e9e CRTV Marketing and Communication Agency (CMCA), en charge de la gestion de la r\u00e9gie publicitaire des produits audio-visuels issus de la CRTV. Elle a \u00e0 son actif 7 cha\u00eenes de proximit\u00e9, 10 stations r\u00e9gionales et 2 cha\u00eenes th\u00e9matiques que sont CRTV Sports and Entertainment, CRTV News.<\/p>\n<p>Auteur: Cindy MBALA<br \/>\n<a href=\"https:\/\/ecomatin.net\/le-chiffre-daffaires-de-la-crtv-augmente-de-13-en-2019\/\">Cliquez ici pour lire l&rsquo;article depuis sa source.<\/a><\/p>\n","protected":false},"excerpt":{"rendered":"<p>La Cameroon radio television (CRTV), fait partie des cinquante entreprises pass\u00e9es au scanner de la Commission technique de r\u00e9habilitation des entreprises du secteur public et parapublic (CTR) du minist\u00e8re des Finances. Pour le compte de l\u2019ann\u00e9e 2019, p\u00e9riode durant laquelle courait son plan strat\u00e9gique 2018-2020, l\u2019on enregistre comme crit\u00e8res de performances des capitaux propres de [&hellip;]<\/p>\n","protected":false},"author":1969,"featured_media":0,"comment_status":"closed","ping_status":"closed","sticky":false,"template":"","format":"standard","meta":{"fifu_image_url":"","fifu_image_alt":"","footnotes":""},"categories":[82,78],"tags":[],"class_list":["post-111092","post","type-post","status-publish","format-standard","hentry","category-cameroun","category-economie"],"_links":{"self":[{"href":"https:\/\/linitiative.ca\/International\/wp-json\/wp\/v2\/posts\/111092","targetHints":{"allow":["GET"]}}],"collection":[{"href":"https:\/\/linitiative.ca\/International\/wp-json\/wp\/v2\/posts"}],"about":[{"href":"https:\/\/linitiative.ca\/International\/wp-json\/wp\/v2\/types\/post"}],"author":[{"embeddable":true,"href":"https:\/\/linitiative.ca\/International\/wp-json\/wp\/v2\/users\/1969"}],"replies":[{"embeddable":true,"href":"https:\/\/linitiative.ca\/International\/wp-json\/wp\/v2\/comments?post=111092"}],"version-history":[{"count":0,"href":"https:\/\/linitiative.ca\/International\/wp-json\/wp\/v2\/posts\/111092\/revisions"}],"wp:attachment":[{"href":"https:\/\/linitiative.ca\/International\/wp-json\/wp\/v2\/media?parent=111092"}],"wp:term":[{"taxonomy":"category","embeddable":true,"href":"https:\/\/linitiative.ca\/International\/wp-json\/wp\/v2\/categories?post=111092"},{"taxonomy":"post_tag","embeddable":true,"href":"https:\/\/linitiative.ca\/International\/wp-json\/wp\/v2\/tags?post=111092"}],"curies":[{"name":"wp","href":"https:\/\/api.w.org\/{rel}","templated":true}]}}