{"id":111093,"date":"2021-02-11T11:53:24","date_gmt":"2021-02-11T16:53:24","guid":{"rendered":"https:\/\/linitiative.ca\/International\/55-milliards-de-fcfa-pour-lapme-en-2021\/"},"modified":"2021-02-11T11:53:24","modified_gmt":"2021-02-11T16:53:24","slug":"55-milliards-de-fcfa-pour-lapme-en-2021","status":"publish","type":"post","link":"https:\/\/linitiative.ca\/International\/55-milliards-de-fcfa-pour-lapme-en-2021\/","title":{"rendered":"5,5 milliards de Fcfa pour l\u2019Apme en 2021"},"content":{"rendered":"<p>C\u2019est une enveloppe \u00e9quilibr\u00e9e en recettes et en d\u00e9penses\u00a0\u00e0 5,5 milliards de Fcfa, que l\u2019Agence de promotion des petites et moyennes entreprises (Apme) devra g\u00e9rer pour le compte de l\u2019exercice 2021. Ce montant a \u00e9t\u00e9 adopt\u00e9 par le conseil d\u2019administration, lors de sa 15eme session ordinaire\u00a0\u00a0tenu \u00e0 h\u00f4tel Hilton le 30 d\u00e9cembre 2020, sous la coordination de Laurent Serges Etoundi Ngoa pr\u00e9sident dudit conseil.<\/p>\n<p>Le montant en question doit servir a impl\u00e9ment\u00e9 d\u2019avantage\u00a0les nouvelles missions de l\u2019agence, promulgu\u00e9es\u00a0depuis le 25 octobre 2018. Date \u00e0 laquelle, a \u00e9t\u00e9 sign\u00e9 le d\u00e9cret portant r\u00e9organisation de l\u2019Apme et \u00e9largissant ainsi son champ d\u2019intervention. En plus de ses missions de d\u00e9part qui consistaient notamment en la facilitation des formalit\u00e9s de cr\u00e9ation d\u2019entreprise\u00a0; l\u2019assistance et le conseil aux porteurs d\u2019id\u00e9es et projets\u00a0; au renforcement des comp\u00e9tences\u00a0; \u00e0 la mise en place d\u2019une banque des donn\u00e9es et de projets\u2026 l\u2019Apme va d\u00e9sormais recevoir les dossiers de demande d\u2019agr\u00e9ment \u00e0 l\u2019un des r\u00e9gimes pr\u00e9vus par la Charte des Investissements ; instruire les dossiers re\u00e7us et les transmettre au ministre charg\u00e9 des Finances pour avis; obtenir les visas n\u00e9cessaires \u00e0 l\u2019ex\u00e9cution des programmes d\u2019investissement propos\u00e9s par l\u2019entreprise pour la p\u00e9riode de validit\u00e9 de l\u2019acte d\u2019agr\u00e9ment ; obtenir les visas n\u00e9cessaires pour le personnel \u00e9tranger pendant la dur\u00e9e de validit\u00e9 de l\u2019acte d\u2019agr\u00e9ment ; assister les entreprises agr\u00e9\u00e9es dans les d\u00e9marches n\u00e9cessaires \u00e0 l\u2019ex\u00e9cution des programmes d\u2019investissement, y compris l\u2019acc\u00e8s aux installations publiques y aff\u00e9rentes ; \u00e9tablir, en liaison avec les services techniques comp\u00e9tents, des proc\u00e9dures administratives simplifi\u00e9es par type d\u2019activit\u00e9.<\/p>\n<p><strong>Lire aussi<\/strong> : <a href=\"https:\/\/ecomatin.net\/fonds-proto-lapme-octroie-50-millions-a-20-porteurs-de-projets\/\">Fonds Proto: l\u2019Apme octroie 50 millions \u00e0 20 porteurs de projets<\/a><\/p>\n<p>En plus de la mise en application, des nouveaux textes, le budget 2021 de l\u2019Apme devra aussi permettre d\u2019augmenter la cr\u00e9ation d\u2019emplois, car tr\u00e8s impliqu\u00e9 dans ce secteur. L\u2019on se souvient qu\u2019avec la mise en \u0153uvre effective de la loi de 2013 fixant les incitations \u00e0 l\u2019investissement priv\u00e9 en R\u00e9publique du Cameroun, 164 conventions ont \u00e9t\u00e9 sign\u00e9es entre le gouvernement et le secteur priv\u00e9 pour un montant de plus de\u00a03600 milliards de FCFA, pour une estimation d\u2019environ\u00a060 000emplois cr\u00e9\u00e9s.<\/p>\n<p><strong>Un accent particulier\u00a0<\/strong><\/p>\n<p>La cr\u00e9ation d\u2019une banque des PME, la promotion du cr\u00e9dit-bail et de l\u2019affacturage\u00a0; la cr\u00e9ation des organismes de placement collectif en valeur mobili\u00e8re\u00a0; la naissance de l\u2019Agence de promotion des PME\u00a0; la cr\u00e9ation de Centres de formalit\u00e9s de cr\u00e9ation d\u2019entreprise\u00a0; la mise sur pied de Centres de gestion agr\u00e9\u00e9s\u00a0; la baisse de1 000000\u00a0\u00e0100 000 FCFA\u00a0le montant minimum du capital social des Soci\u00e9t\u00e9s \u00e0 responsabilit\u00e9 limit\u00e9e (Sarl)\u2026 sont autant d\u2019initiatives qui montrent la place centrale qu\u2019occupe la question du financement des PME dans l\u2019agenda du gouvernement depuis des ann\u00e9es.\u00a0Les PME, sans aucun doute, constitue un moteur de l\u2019\u00e9conomie nationale car elles repr\u00e9sentent plus de 90% du tissu \u00e9conomique du pays pour une contribution de 34% au Produit Int\u00e9rieur Brut (PIB).\u00a0\u00a0A leur actif, 54% de cr\u00e9ation d\u2019emplois et 14% de la valeur ajout\u00e9e globale. Cependant\u00a0\u00a0l\u2019insuffisance d\u2019une culture du respect des engagements\u00a0; le lancement des activit\u00e9s par simple imitation\u00a0; la mauvaise tenue de comptabilit\u00e9\u00a0; les lacunes dans la gestion financi\u00e8re\u00a0; une connaissance insuffisante du march\u00e9\u00a0; un environnement r\u00e9glementaire inappropri\u00e9 (tr\u00e8s peu contraignant envers les d\u00e9biteurs) sont autant de\u00a0\u00a0maux qui minent le secteur.<\/p>\n<p><strong>Lire aussi<\/strong> : <a href=\"https:\/\/ecomatin.net\/bientot-la-mise-en-application-de-la-charte-nationale-des-pme\/\">Bient\u00f4t la mise en application de la charte nationale des PME<\/a><\/p>\n<p>Pour pallier \u00e0 ce probl\u00e8me, au minist\u00e8re des Petites et Moyennes Entreprises, de l\u2019Economie Social et de l\u2019Artisanat\u00a0(Minpmeesa)<strong>,<\/strong>\u00a0l\u2019on pr\u00e9conise la strat\u00e9gie des clusters. Qui est\u00a0 \u00abun moyen pour les entreprises moins comp\u00e9titives de se pr\u00e9parer pour faire leur entr\u00e9e dans le march\u00e9 international\u00bb, explique le ministre\u00a0Laurent Serge Etoundi Ngoa.<\/p>\n<p>Les travaux du jour se sont achev\u00e9s sur une note de f\u00e9licitation de l\u2019administration au Directeur g\u00e9n\u00e9ral, au Directeur G\u00e9n\u00e9ral adjoint et son \u00e9quipe pour la qualit\u00e9 du travail r\u00e9alis\u00e9 au sein de l\u2019institution.<\/p>\n<p><strong>Lire aussi<\/strong> : <a href=\"https:\/\/ecomatin.net\/fonds-proto-lapme-octroie-50-millions-a-20-porteurs-de-projets\/\">Fonds Proto: l\u2019Apme octroie 50 millions \u00e0 20 porteurs de projets<\/a><\/p>\n<p>Auteur: Amina MALLOUM<br \/>\n<a href=\"https:\/\/ecomatin.net\/55-milliards-de-fcfa-pour-lapme-en-2021\/\">Cliquez ici pour lire l&rsquo;article depuis sa source.<\/a><\/p>\n","protected":false},"excerpt":{"rendered":"<p>C\u2019est une enveloppe \u00e9quilibr\u00e9e en recettes et en d\u00e9penses\u00a0\u00e0 5,5 milliards de Fcfa, que l\u2019Agence de promotion des petites et moyennes entreprises (Apme) devra g\u00e9rer pour le compte de l\u2019exercice 2021. Ce montant a \u00e9t\u00e9 adopt\u00e9 par le conseil d\u2019administration, lors de sa 15eme session ordinaire\u00a0\u00a0tenu \u00e0 h\u00f4tel Hilton le 30 d\u00e9cembre 2020, sous la [&hellip;]<\/p>\n","protected":false},"author":1969,"featured_media":0,"comment_status":"closed","ping_status":"closed","sticky":false,"template":"","format":"standard","meta":{"fifu_image_url":"","fifu_image_alt":"","footnotes":""},"categories":[82,78],"tags":[],"class_list":["post-111093","post","type-post","status-publish","format-standard","hentry","category-cameroun","category-economie"],"_links":{"self":[{"href":"https:\/\/linitiative.ca\/International\/wp-json\/wp\/v2\/posts\/111093","targetHints":{"allow":["GET"]}}],"collection":[{"href":"https:\/\/linitiative.ca\/International\/wp-json\/wp\/v2\/posts"}],"about":[{"href":"https:\/\/linitiative.ca\/International\/wp-json\/wp\/v2\/types\/post"}],"author":[{"embeddable":true,"href":"https:\/\/linitiative.ca\/International\/wp-json\/wp\/v2\/users\/1969"}],"replies":[{"embeddable":true,"href":"https:\/\/linitiative.ca\/International\/wp-json\/wp\/v2\/comments?post=111093"}],"version-history":[{"count":0,"href":"https:\/\/linitiative.ca\/International\/wp-json\/wp\/v2\/posts\/111093\/revisions"}],"wp:attachment":[{"href":"https:\/\/linitiative.ca\/International\/wp-json\/wp\/v2\/media?parent=111093"}],"wp:term":[{"taxonomy":"category","embeddable":true,"href":"https:\/\/linitiative.ca\/International\/wp-json\/wp\/v2\/categories?post=111093"},{"taxonomy":"post_tag","embeddable":true,"href":"https:\/\/linitiative.ca\/International\/wp-json\/wp\/v2\/tags?post=111093"}],"curies":[{"name":"wp","href":"https:\/\/api.w.org\/{rel}","templated":true}]}}