{"id":111094,"date":"2021-02-12T10:46:18","date_gmt":"2021-02-12T15:46:18","guid":{"rendered":"https:\/\/linitiative.ca\/International\/lancien-tribunal-de-larache-passe-dans-le-giron-de-la-fnm\/"},"modified":"2021-02-12T10:46:18","modified_gmt":"2021-02-12T15:46:18","slug":"lancien-tribunal-de-larache-passe-dans-le-giron-de-la-fnm","status":"publish","type":"post","link":"https:\/\/linitiative.ca\/International\/lancien-tribunal-de-larache-passe-dans-le-giron-de-la-fnm\/","title":{"rendered":"L\u2019ancien Tribunal de Larache passe dans le giron de la FNM"},"content":{"rendered":"<header>\n<\/header>\n<div class=\"entry-content clearfix\" readability=\"49\"><img decoding=\"async\" class=\"post_layout_5_img\" src=\"http:\/\/aujourdhui.ma\/wp-content\/uploads\/2021\/02\/FNM-LARACHE.jpg\" alt=\"L&#x2019;ancien Tribunal de Larache passe dans le giron de la FNM\"\/><\/p>\n<p><span class=\"c5\"><strong>La Fondation Nationale des mus\u00e9es (FNM) s\u2019est vue remettre les cl\u00e9s de l\u2019ancien Tribunal de premi\u00e8re instance de Larache, une ancienne b\u00e2tisse \u00e0 l\u2019architecture historique qui sera restaur\u00e9e par la Fondation pour en faire un espace mus\u00e9al.<\/strong><\/span><span id=\"more-368195\"\/><\/p>\n<p>Dans un communiqu\u00e9, la FNM indique que cette remise des cl\u00e9s intervient suite \u00e0 la signature de la convention de cession du tribunal de premi\u00e8re instance de Larache le 26 d\u00e9cembre 2019, entre le ministre de la Justice, Mohamed Ben Abdelkader et le Pr\u00e9sident de la Fondation Nationale des mus\u00e9es, Mehdi Qotbi, pour sa transformation en mus\u00e9e. \u00ab L\u2019ancienne b\u00e2tisse \u00e0 l\u2019architecture historique sera restaur\u00e9e par la FNM, pour en faire un espace mus\u00e9al conform\u00e9ment \u00e0 sa strat\u00e9gie de d\u00e9veloppement de doter chaque ville du Maroc d\u2019un mus\u00e9e, et ainsi, promouvoir l\u2019h\u00e9ritage culturel et le patrimoine mat\u00e9riel et immat\u00e9riel du Royaume \u00bb, conclut la m\u00eame source.<\/p>\n<\/div>\n<p>Auteur: ALM<br \/>\n<a href=\"https:\/\/aujourdhui.ma\/actualite\/lancien-tribunal-de-larache-passe-dans-le-giron-de-la-fnm\">Cliquez ici pour lire l&rsquo;article depuis sa source.<\/a><\/p>\n","protected":false},"excerpt":{"rendered":"<p>La Fondation Nationale des mus\u00e9es (FNM) s\u2019est vue remettre les cl\u00e9s de l\u2019ancien Tribunal de premi\u00e8re instance de Larache, une ancienne b\u00e2tisse \u00e0 l\u2019architecture historique qui sera restaur\u00e9e par la Fondation pour en faire un espace mus\u00e9al. Dans un communiqu\u00e9, la FNM indique que cette remise des cl\u00e9s intervient suite \u00e0 la signature de la [&hellip;]<\/p>\n","protected":false},"author":1759,"featured_media":0,"comment_status":"closed","ping_status":"closed","sticky":false,"template":"","format":"standard","meta":{"fifu_image_url":"http:\/\/aujourdhui.ma\/wp-content\/uploads\/2021\/02\/FNM-LARACHE.jpg","fifu_image_alt":"L\u2019ancien Tribunal de Larache passe dans le giron de la FNM","footnotes":""},"categories":[73,54],"tags":[],"class_list":["post-111094","post","type-post","status-publish","format-standard","hentry","category-actualite","category-maroc"],"_links":{"self":[{"href":"https:\/\/linitiative.ca\/International\/wp-json\/wp\/v2\/posts\/111094","targetHints":{"allow":["GET"]}}],"collection":[{"href":"https:\/\/linitiative.ca\/International\/wp-json\/wp\/v2\/posts"}],"about":[{"href":"https:\/\/linitiative.ca\/International\/wp-json\/wp\/v2\/types\/post"}],"author":[{"embeddable":true,"href":"https:\/\/linitiative.ca\/International\/wp-json\/wp\/v2\/users\/1759"}],"replies":[{"embeddable":true,"href":"https:\/\/linitiative.ca\/International\/wp-json\/wp\/v2\/comments?post=111094"}],"version-history":[{"count":0,"href":"https:\/\/linitiative.ca\/International\/wp-json\/wp\/v2\/posts\/111094\/revisions"}],"wp:attachment":[{"href":"https:\/\/linitiative.ca\/International\/wp-json\/wp\/v2\/media?parent=111094"}],"wp:term":[{"taxonomy":"category","embeddable":true,"href":"https:\/\/linitiative.ca\/International\/wp-json\/wp\/v2\/categories?post=111094"},{"taxonomy":"post_tag","embeddable":true,"href":"https:\/\/linitiative.ca\/International\/wp-json\/wp\/v2\/tags?post=111094"}],"curies":[{"name":"wp","href":"https:\/\/api.w.org\/{rel}","templated":true}]}}