{"id":111095,"date":"2021-02-12T10:53:50","date_gmt":"2021-02-12T15:53:50","guid":{"rendered":"https:\/\/linitiative.ca\/International\/irizar-maroc-un-taux-dintegration-local-de-41\/"},"modified":"2021-02-12T10:53:50","modified_gmt":"2021-02-12T15:53:50","slug":"irizar-maroc-un-taux-dintegration-local-de-41","status":"publish","type":"post","link":"https:\/\/linitiative.ca\/International\/irizar-maroc-un-taux-dintegration-local-de-41\/","title":{"rendered":"Irizar Maroc : Un taux d\u2019int\u00e9gration local de 41%"},"content":{"rendered":"<header>\n<\/header>\n<div class=\"entry-content clearfix\" readability=\"61.566467065868\"><img decoding=\"async\" class=\"post_layout_5_img\" src=\"http:\/\/aujourdhui.ma\/wp-content\/uploads\/2021\/02\/Irizar-Maroc-Un-taux-dintegration-local-de-41.jpg\" alt=\"Irizar Maroc : Un taux d&#x2019;int&#xE9;gration local de 41%\"\/><\/p>\n<p><span class=\"c5\"><strong>Le Ministre de l\u2019Industrie, du Commerce et de l\u2019Economie Verte et Num\u00e9rique,\u00a0 Moulay Hafid Elalamy, a visit\u00e9, vendredi, le si\u00e8ge de l\u2019unit\u00e9 industrielle Irizar Maroc \u00e0 Skhirat, en charge de la production des bus devant desservir la ville de Casablanca.<\/strong><\/span><span id=\"more-368198\"\/><\/p>\n<p>A cette occasion, le ministre a annonc\u00e9 que \u00ab le taux d\u2019int\u00e9gration locale de la fabrication des bus Irizar a atteint, aujourd\u2019hui, 41% \u00bb.\u00a0 Il a pr\u00e9cis\u00e9 en effet que \u00ab les efforts se multiplient pour parvenir, \u00e0 terme, \u00e0 60%, notamment en accordant une place importante aux projets de fabrication de pi\u00e8ces \u00e0 destination de l\u2019\u00e9cosyst\u00e8me de cette fili\u00e8re dans la banque de projets (<strong><span class=\"c7\"><a class=\"c6\" href=\"https:\/\/banquedeprojets.mcinet.gov.ma\/\">https:\/\/banquedeprojets.mcinet.gov.ma\/<\/a><\/span><\/strong>) lanc\u00e9e en septembre 2020 \u00bb. Notons que Irizar mobilise plus de 15 fournisseurs locaux au sein de son \u00e9cosyst\u00e8me dans lequel elle assemble des autobus sur des ch\u00e2ssis de la marque SCANIA, d\u2019une longueur de 12 m\u00e8tres et d\u2019une capacit\u00e9 de 33 places assises. Conformes aux standards internationaux, ces v\u00e9hicules sont climatis\u00e9s et dot\u00e9s de technologies avanc\u00e9es en termes de s\u00e9curit\u00e9, de confort et d\u2019accessibilit\u00e9 pour les personnes \u00e0 besoins sp\u00e9cifiques.<\/p>\n<p>Les 18 constructeurs majeurs mondiaux sont repr\u00e9sent\u00e9s au Maroc \u00e0 travers un \u00e9cosyst\u00e8me compos\u00e9 de 85 unit\u00e9s de carrossiers et d\u2019\u00e9quipementiers que le minist\u00e8re de l\u2019Industrie, du Commerce et de l\u2019Economie Verte et Num\u00e9rique, continue de soutenir par l\u2019accompagnement de tout projet permettant l\u2019am\u00e9lioration de l\u2019int\u00e9gration locale de la fili\u00e8re. Cet \u00e9cosyst\u00e8me repr\u00e9sente, actuellement, un chiffre d\u2019affaires de 11MM DH\/an et emploie 8.000 collaborateurs.<\/p>\n<\/div>\n<p>Auteur: ALM<br \/>\n<a href=\"https:\/\/aujourdhui.ma\/economie\/irizar-maroc-un-taux-dintegration-local-de-41\">Cliquez ici pour lire l&rsquo;article depuis sa source.<\/a><\/p>\n","protected":false},"excerpt":{"rendered":"<p>Le Ministre de l\u2019Industrie, du Commerce et de l\u2019Economie Verte et Num\u00e9rique,\u00a0 Moulay Hafid Elalamy, a visit\u00e9, vendredi, le si\u00e8ge de l\u2019unit\u00e9 industrielle Irizar Maroc \u00e0 Skhirat, en charge de la production des bus devant desservir la ville de Casablanca. A cette occasion, le ministre a annonc\u00e9 que \u00ab le taux d\u2019int\u00e9gration locale de la [&hellip;]<\/p>\n","protected":false},"author":1759,"featured_media":0,"comment_status":"closed","ping_status":"closed","sticky":false,"template":"","format":"standard","meta":{"fifu_image_url":"http:\/\/aujourdhui.ma\/wp-content\/uploads\/2021\/02\/Irizar-Maroc-Un-taux-dintegration-local-de-41.jpg","fifu_image_alt":"Irizar Maroc : Un taux d\u2019int\u00e9gration local de 41%","footnotes":""},"categories":[73,54],"tags":[],"class_list":["post-111095","post","type-post","status-publish","format-standard","hentry","category-actualite","category-maroc"],"_links":{"self":[{"href":"https:\/\/linitiative.ca\/International\/wp-json\/wp\/v2\/posts\/111095","targetHints":{"allow":["GET"]}}],"collection":[{"href":"https:\/\/linitiative.ca\/International\/wp-json\/wp\/v2\/posts"}],"about":[{"href":"https:\/\/linitiative.ca\/International\/wp-json\/wp\/v2\/types\/post"}],"author":[{"embeddable":true,"href":"https:\/\/linitiative.ca\/International\/wp-json\/wp\/v2\/users\/1759"}],"replies":[{"embeddable":true,"href":"https:\/\/linitiative.ca\/International\/wp-json\/wp\/v2\/comments?post=111095"}],"version-history":[{"count":0,"href":"https:\/\/linitiative.ca\/International\/wp-json\/wp\/v2\/posts\/111095\/revisions"}],"wp:attachment":[{"href":"https:\/\/linitiative.ca\/International\/wp-json\/wp\/v2\/media?parent=111095"}],"wp:term":[{"taxonomy":"category","embeddable":true,"href":"https:\/\/linitiative.ca\/International\/wp-json\/wp\/v2\/categories?post=111095"},{"taxonomy":"post_tag","embeddable":true,"href":"https:\/\/linitiative.ca\/International\/wp-json\/wp\/v2\/tags?post=111095"}],"curies":[{"name":"wp","href":"https:\/\/api.w.org\/{rel}","templated":true}]}}