{"id":111096,"date":"2021-02-12T10:59:48","date_gmt":"2021-02-12T15:59:48","guid":{"rendered":"https:\/\/linitiative.ca\/International\/mem-cgem-les-marocains-du-monde-participent-au-debat-sur-la-relance-economique\/"},"modified":"2021-02-12T10:59:48","modified_gmt":"2021-02-12T15:59:48","slug":"mem-cgem-les-marocains-du-monde-participent-au-debat-sur-la-relance-economique","status":"publish","type":"post","link":"https:\/\/linitiative.ca\/International\/mem-cgem-les-marocains-du-monde-participent-au-debat-sur-la-relance-economique\/","title":{"rendered":"MeM CGEM : Les Marocains\u00a0du monde participent au d\u00e9bat sur la relance \u00e9conomique\u00a0"},"content":{"rendered":"<header>\n<\/header>\n<div class=\"entry-content clearfix\" readability=\"66\"><img decoding=\"async\" class=\"post_layout_5_img\" src=\"http:\/\/aujourdhui.ma\/wp-content\/uploads\/2020\/09\/CGEM.jpg\" alt=\"MeM CGEM : Les Marocains&#xA0;du monde participent au d&#xE9;bat sur la relance &#xE9;conomique&#xA0;\"\/><\/p>\n<p><span class=\"c5\"><strong>La CGEM organise le 16 f\u00e9vrier une s\u00e9ance de travail virtuelle d\u00e9di\u00e9e aux Marocains Entrepreneurs et Hauts Potentiels du Monde, \u00e0 travers sa r\u00e9gion\u00a0\u00ab\u00a0MeM by CGEM\u00a0\u00bb.<\/strong><\/span><span id=\"more-368201\"\/><\/p>\n<p>Cette conf\u00e9rence se focalisera sur le th\u00e8me \u00ab\u00a0Relance \u00e9conomique du Maroc : la mobilisation des comp\u00e9tences, des entrepreneurs et des investisseurs marocains du monde, levier de synergies\u00a0\u00bb. Ainsi, cet \u00e9v\u00e8nement connaitra la participation de Chakib Alj, Pr\u00e9sident de la CGEM, Mohamed Bencha\u00e2boun, Minist\u00e8re de l\u2019Economie, des Finances et de la R\u00e9forme de l\u2019Administration, Moulay Hafid Elalamy, Ministre de l\u2019Industrie, du Commerce et de l\u2019\u00c9conomie Verte et Num\u00e9rique, et Nezha El Ouafi, Minist\u00e8re D\u00e9l\u00e9gu\u00e9 Charg\u00e9 des MRE et des Affaires de la Migration.<\/p>\n<p><a href=\"https:http:\/\/aujourdhui.ma\/wp-content\/uploads\/2021\/02\/MeM-CGEM.jpg\"><img decoding=\"async\" loading=\"lazy\" class=\"alignnone size-full wp-image-368206\" src=\"http:\/\/aujourdhui.ma\/wp-content\/uploads\/2021\/02\/MeM-CGEM.jpg\" alt=\"\" width=\"746\" height=\"380\" srcset=\"http:\/\/aujourdhui.ma\/wp-content\/uploads\/2021\/02\/MeM-CGEM.jpg 746w, \/\/aujourdhui.ma\/wp-content\/uploads\/2021\/02\/MeM-CGEM-300x153.jpg 300w, \/\/aujourdhui.ma\/wp-content\/uploads\/2021\/02\/MeM-CGEM-274x140.jpg 274w, \/\/aujourdhui.ma\/wp-content\/uploads\/2021\/02\/MeM-CGEM-165x84.jpg 165w, \/\/aujourdhui.ma\/wp-content\/uploads\/2021\/02\/MeM-CGEM-702x358.jpg 702w\" sizes=\"auto, (max-width: 746px) 100vw, 746px\"\/><\/a><\/p>\n<p>Au programme de cette rencontre plusieurs sujets seront abord\u00e9s comme\u00a0: les mesures phares de la relance \u00e9conomique du Maroc, le plan de relance industrielle 2021-2023 propos\u00e9 par les pouvoirs publics, le partenariat entre le Minist\u00e8re D\u00e9l\u00e9gu\u00e9 aupr\u00e8s du Ministre des Affaires \u00e9trang\u00e8res, de la Coop\u00e9ration africaine et des Marocains r\u00e9sidant \u00e0 l\u2019\u00e9tranger (MRE), charg\u00e9 des MRE et la CGEM, MeM by CGEM dans le cadre de la mobilisation des entrepreneurs, investisseurs et des comp\u00e9tences marocaines \u00e0 l\u2019\u00e9tranger pour l\u2019investissement, le Fonds Mohammed VI et la Caisse Centrale de Garantie (CCG) : leviers de d\u00e9veloppement de l\u2019investissement, les Atouts de la banque de projets du Minist\u00e8re de l\u2019Industrie, du Commerce et de l\u2019\u00c9conomie Verte et Num\u00e9rique, ou encore les leviers mis en place par la CGEM pour accompagner les marocains du monde \u00e0 contribuer \u00e0 la relance \u00e9conomique du Maroc.<\/p>\n<\/div>\n<p>Auteur: ALM<br \/>\n<a href=\"https:\/\/aujourdhui.ma\/economie\/mem-cgem-les-marocains-du-monde-participent-au-debat-sur-la-relance-economique\">Cliquez ici pour lire l&rsquo;article depuis sa source.<\/a><\/p>\n","protected":false},"excerpt":{"rendered":"<p>La CGEM organise le 16 f\u00e9vrier une s\u00e9ance de travail virtuelle d\u00e9di\u00e9e aux Marocains Entrepreneurs et Hauts Potentiels du Monde, \u00e0 travers sa r\u00e9gion\u00a0\u00ab\u00a0MeM by CGEM\u00a0\u00bb. Cette conf\u00e9rence se focalisera sur le th\u00e8me \u00ab\u00a0Relance \u00e9conomique du Maroc : la mobilisation des comp\u00e9tences, des entrepreneurs et des investisseurs marocains du monde, levier de synergies\u00a0\u00bb. Ainsi, cet [&hellip;]<\/p>\n","protected":false},"author":1759,"featured_media":0,"comment_status":"closed","ping_status":"closed","sticky":false,"template":"","format":"standard","meta":{"fifu_image_url":"http:\/\/aujourdhui.ma\/wp-content\/uploads\/2020\/09\/CGEM.jpg","fifu_image_alt":"MeM CGEM : Les Marocains\u00a0du monde participent au d\u00e9bat sur la relance \u00e9conomique\u00a0","footnotes":""},"categories":[73,54],"tags":[],"class_list":["post-111096","post","type-post","status-publish","format-standard","hentry","category-actualite","category-maroc"],"_links":{"self":[{"href":"https:\/\/linitiative.ca\/International\/wp-json\/wp\/v2\/posts\/111096","targetHints":{"allow":["GET"]}}],"collection":[{"href":"https:\/\/linitiative.ca\/International\/wp-json\/wp\/v2\/posts"}],"about":[{"href":"https:\/\/linitiative.ca\/International\/wp-json\/wp\/v2\/types\/post"}],"author":[{"embeddable":true,"href":"https:\/\/linitiative.ca\/International\/wp-json\/wp\/v2\/users\/1759"}],"replies":[{"embeddable":true,"href":"https:\/\/linitiative.ca\/International\/wp-json\/wp\/v2\/comments?post=111096"}],"version-history":[{"count":0,"href":"https:\/\/linitiative.ca\/International\/wp-json\/wp\/v2\/posts\/111096\/revisions"}],"wp:attachment":[{"href":"https:\/\/linitiative.ca\/International\/wp-json\/wp\/v2\/media?parent=111096"}],"wp:term":[{"taxonomy":"category","embeddable":true,"href":"https:\/\/linitiative.ca\/International\/wp-json\/wp\/v2\/categories?post=111096"},{"taxonomy":"post_tag","embeddable":true,"href":"https:\/\/linitiative.ca\/International\/wp-json\/wp\/v2\/tags?post=111096"}],"curies":[{"name":"wp","href":"https:\/\/api.w.org\/{rel}","templated":true}]}}