{"id":111097,"date":"2021-02-12T11:03:39","date_gmt":"2021-02-12T16:03:39","guid":{"rendered":"https:\/\/linitiative.ca\/International\/rabat-habiba-laklalech-prend-ses-fonctions-a-la-tete-de-londa\/"},"modified":"2021-02-12T11:03:39","modified_gmt":"2021-02-12T16:03:39","slug":"rabat-habiba-laklalech-prend-ses-fonctions-a-la-tete-de-londa","status":"publish","type":"post","link":"https:\/\/linitiative.ca\/International\/rabat-habiba-laklalech-prend-ses-fonctions-a-la-tete-de-londa\/","title":{"rendered":"Rabat: Habiba Laklalech prend ses fonctions \u00e0 la t\u00eate de l\u2019ONDA"},"content":{"rendered":"<p><img decoding=\"async\" class=\"post_layout_5_img\" src=\"http:\/\/aujourdhui.ma\/wp-content\/uploads\/2021\/02\/Rabat-Habiba-Laklalech-prend-ses-fonctions-a-la-tete-de-lONDA.jpg\" alt=\"Rabat: Habiba Laklalech prend ses fonctions &#xE0; la t&#xEA;te de l&#x2019;ONDA\"\/><\/p>\n<p><span class=\"c5\"><strong>La c\u00e9r\u00e9monie d\u2019installation de la nouvelle directrice g\u00e9n\u00e9rale de l\u2019Office national des A\u00e9roports (ONDA), Habiba Laklalech, a eu lieu, vendredi \u00e0 Rabat, sous la pr\u00e9sidence de la ministre du Tourisme, de l\u2019artisanat, du transport a\u00e9rien et de l\u2019\u00e9conomie sociale, Nadia Fettah Alaoui.<\/strong><\/span><span id=\"more-368203\"\/><\/p>\n<p>A cette occasion, Mme Fettah Alaoui a f\u00e9licit\u00e9 la nouvelle DG pour la confiance Royale dont elle a fait l\u2019objet et sa nomination \u00e0 ce poste, tout en remerciant le directeur g\u00e9n\u00e9ral sortant, Mohamed El Aoufir et en lui souhaitant bonne chance dans ses futures activit\u00e9s professionnelles.<\/p>\n<p>Elle a mis en avant les avanc\u00e9es \u00ab\u00a0majeures\u00a0\u00bb du secteur a\u00e9roportuaire dans le d\u00e9veloppement \u00e9conomique et social du Royaume qui dispose aujourd\u2019hui de 26 a\u00e9roports, dont 18 internationaux, pour une capacit\u00e9 de 40 millions de passagers.<\/p>\n<p>Mme Fettah Alaoui a aussi affirm\u00e9 l\u2019engagement de toutes les composantes de son D\u00e9partement \u00e0 soutenir l\u2019ONDA, collaborer ensemble pour am\u00e9liorer la qualit\u00e9 de services dans les a\u00e9roports, d\u00e9velopper leur comp\u00e9titivit\u00e9 \u00e0 l\u2019international et \u00e0 donner un nouveau souffle \u00e0 l\u2019activit\u00e9 a\u00e9roportuaire dans les ann\u00e9es \u00e0 venir.<\/p>\n<p>Dipl\u00f4m\u00e9e de l\u2019Ecole Polytechnique et de l\u2019Ecole Nationale Sup\u00e9rieure des T\u00e9l\u00e9communications de Paris, Mme Laklalech a d\u00e9but\u00e9 sa carri\u00e8re en marketing dans de grandes entreprises de production de biens de grande consommation, ainsi que dans les t\u00e9l\u00e9communications. Elle a ensuite rejoint la compagnie nationale Royal Air Maroc (RAM) o\u00f9 elle a occup\u00e9 de nombreux postes de responsabilit\u00e9 en finance, commercial, juridique avant d\u2019occuper le poste de directrice g\u00e9n\u00e9rale adjointe depuis 2009.<\/p>\n<p>Auteur: ALM<br \/>\n<a href=\"https:\/\/aujourdhui.ma\/actualite\/rabat-habiba-laklalech-prend-ses-fonctions-a-la-tete-de-londa\">Cliquez ici pour lire l&rsquo;article depuis sa source.<\/a><\/p>\n","protected":false},"excerpt":{"rendered":"<p>La c\u00e9r\u00e9monie d\u2019installation de la nouvelle directrice g\u00e9n\u00e9rale de l\u2019Office national des A\u00e9roports (ONDA), Habiba Laklalech, a eu lieu, vendredi \u00e0 Rabat, sous la pr\u00e9sidence de la ministre du Tourisme, de l\u2019artisanat, du transport a\u00e9rien et de l\u2019\u00e9conomie sociale, Nadia Fettah Alaoui. A cette occasion, Mme Fettah Alaoui a f\u00e9licit\u00e9 la nouvelle DG pour la [&hellip;]<\/p>\n","protected":false},"author":1759,"featured_media":0,"comment_status":"closed","ping_status":"closed","sticky":false,"template":"","format":"standard","meta":{"fifu_image_url":"http:\/\/aujourdhui.ma\/wp-content\/uploads\/2021\/02\/Rabat-Habiba-Laklalech-prend-ses-fonctions-a-la-tete-de-lONDA.jpg","fifu_image_alt":"Rabat: Habiba Laklalech prend ses fonctions \u00e0 la t\u00eate de l\u2019ONDA","footnotes":""},"categories":[73,54],"tags":[],"class_list":["post-111097","post","type-post","status-publish","format-standard","hentry","category-actualite","category-maroc"],"_links":{"self":[{"href":"https:\/\/linitiative.ca\/International\/wp-json\/wp\/v2\/posts\/111097","targetHints":{"allow":["GET"]}}],"collection":[{"href":"https:\/\/linitiative.ca\/International\/wp-json\/wp\/v2\/posts"}],"about":[{"href":"https:\/\/linitiative.ca\/International\/wp-json\/wp\/v2\/types\/post"}],"author":[{"embeddable":true,"href":"https:\/\/linitiative.ca\/International\/wp-json\/wp\/v2\/users\/1759"}],"replies":[{"embeddable":true,"href":"https:\/\/linitiative.ca\/International\/wp-json\/wp\/v2\/comments?post=111097"}],"version-history":[{"count":0,"href":"https:\/\/linitiative.ca\/International\/wp-json\/wp\/v2\/posts\/111097\/revisions"}],"wp:attachment":[{"href":"https:\/\/linitiative.ca\/International\/wp-json\/wp\/v2\/media?parent=111097"}],"wp:term":[{"taxonomy":"category","embeddable":true,"href":"https:\/\/linitiative.ca\/International\/wp-json\/wp\/v2\/categories?post=111097"},{"taxonomy":"post_tag","embeddable":true,"href":"https:\/\/linitiative.ca\/International\/wp-json\/wp\/v2\/tags?post=111097"}],"curies":[{"name":"wp","href":"https:\/\/api.w.org\/{rel}","templated":true}]}}