{"id":111098,"date":"2021-02-12T11:21:56","date_gmt":"2021-02-12T16:21:56","guid":{"rendered":"https:\/\/linitiative.ca\/International\/essaouira-une-artere-principale-de-la-ville-baptisee-miloud-chaabi\/"},"modified":"2021-02-12T11:21:56","modified_gmt":"2021-02-12T16:21:56","slug":"essaouira-une-artere-principale-de-la-ville-baptisee-miloud-chaabi","status":"publish","type":"post","link":"https:\/\/linitiative.ca\/International\/essaouira-une-artere-principale-de-la-ville-baptisee-miloud-chaabi\/","title":{"rendered":"Essaouira\u00a0: Une art\u00e8re principale de la ville baptis\u00e9e\u00a0 Miloud Chaabi\u00a0"},"content":{"rendered":"<header>\n<\/header>\n<div class=\"entry-content clearfix\" readability=\"41\"><img decoding=\"async\" class=\"post_layout_5_img\" src=\"http:\/\/aujourdhui.ma\/wp-content\/uploads\/2016\/04\/Miloud-Chaabi.jpg\" alt=\"Essaouira&#xA0;: Une art&#xE8;re principale de la ville baptis&#xE9;e&#xA0; Miloud Chaabi&#xA0;\"\/><\/p>\n<p><span class=\"c5\"><strong>Essaouira rend hommage \u00e0 une figure embl\u00e9matique de la ville.<\/strong><\/span><span id=\"more-368208\"\/><\/p>\n<p>Une des avenues principales de la ville des Aliz\u00e9es portera le nom de Miloud Chaabi. La d\u00e9cision a \u00e9t\u00e9 valid\u00e9e par le conseil communal de la ville lors d\u2019une session ordinaire tenue en f\u00e9vrier. Natif d\u2019Essaouira, Feu Miloud Chaabi, fondateur d\u2019Ynna holding, est un autodidacte ayant marqu\u00e9 la sph\u00e8re marocaine des Affaires. Il est d\u00e9c\u00e9d\u00e9 en 2016 \u00e0 l\u2019\u00e2ge de 85 ans, laissant derri\u00e8re lui une fondation des \u0153uvres sociales portant son nom qui organise beaucoup d\u2019actions caritatives dans sa ville.<\/p>\n<\/div>\n<p>Auteur: ALM<br \/>\n<a href=\"https:\/\/aujourdhui.ma\/societe\/essaouira-une-artere-principale-de-la-ville-baptisee-miloud-chaabi\">Cliquez ici pour lire l&rsquo;article depuis sa source.<\/a><\/p>\n","protected":false},"excerpt":{"rendered":"<p>Essaouira rend hommage \u00e0 une figure embl\u00e9matique de la ville. Une des avenues principales de la ville des Aliz\u00e9es portera le nom de Miloud Chaabi. La d\u00e9cision a \u00e9t\u00e9 valid\u00e9e par le conseil communal de la ville lors d\u2019une session ordinaire tenue en f\u00e9vrier. Natif d\u2019Essaouira, Feu Miloud Chaabi, fondateur d\u2019Ynna holding, est un autodidacte [&hellip;]<\/p>\n","protected":false},"author":1759,"featured_media":0,"comment_status":"closed","ping_status":"closed","sticky":false,"template":"","format":"standard","meta":{"fifu_image_url":"http:\/\/aujourdhui.ma\/wp-content\/uploads\/2016\/04\/Miloud-Chaabi.jpg","fifu_image_alt":"Essaouira\u00a0: Une art\u00e8re principale de la ville baptis\u00e9e\u00a0 Miloud Chaabi\u00a0","footnotes":""},"categories":[73,54],"tags":[],"class_list":["post-111098","post","type-post","status-publish","format-standard","hentry","category-actualite","category-maroc"],"_links":{"self":[{"href":"https:\/\/linitiative.ca\/International\/wp-json\/wp\/v2\/posts\/111098","targetHints":{"allow":["GET"]}}],"collection":[{"href":"https:\/\/linitiative.ca\/International\/wp-json\/wp\/v2\/posts"}],"about":[{"href":"https:\/\/linitiative.ca\/International\/wp-json\/wp\/v2\/types\/post"}],"author":[{"embeddable":true,"href":"https:\/\/linitiative.ca\/International\/wp-json\/wp\/v2\/users\/1759"}],"replies":[{"embeddable":true,"href":"https:\/\/linitiative.ca\/International\/wp-json\/wp\/v2\/comments?post=111098"}],"version-history":[{"count":0,"href":"https:\/\/linitiative.ca\/International\/wp-json\/wp\/v2\/posts\/111098\/revisions"}],"wp:attachment":[{"href":"https:\/\/linitiative.ca\/International\/wp-json\/wp\/v2\/media?parent=111098"}],"wp:term":[{"taxonomy":"category","embeddable":true,"href":"https:\/\/linitiative.ca\/International\/wp-json\/wp\/v2\/categories?post=111098"},{"taxonomy":"post_tag","embeddable":true,"href":"https:\/\/linitiative.ca\/International\/wp-json\/wp\/v2\/tags?post=111098"}],"curies":[{"name":"wp","href":"https:\/\/api.w.org\/{rel}","templated":true}]}}