{"id":111099,"date":"2021-02-12T04:42:11","date_gmt":"2021-02-12T09:42:11","guid":{"rendered":"https:\/\/linitiative.ca\/International\/cour-des-comptes-101-mille-personnes-sont-endettees-aupres-du-fisc\/"},"modified":"2021-02-12T04:42:11","modified_gmt":"2021-02-12T09:42:11","slug":"cour-des-comptes-101-mille-personnes-sont-endettees-aupres-du-fisc","status":"publish","type":"post","link":"https:\/\/linitiative.ca\/International\/cour-des-comptes-101-mille-personnes-sont-endettees-aupres-du-fisc\/","title":{"rendered":"Cour des Comptes : 101 mille personnes sont endett\u00e9es aupr\u00e8s du fisc"},"content":{"rendered":"<div class=\"td-post-content\">\n<h2>Pr\u00e8s de 101 mille personnes sont redevables de dettes fiscales qui s\u2019\u00e9l\u00e8vent \u00e0 1418 millions de dinars. C\u2019est ce qu\u2019a r\u00e9v\u00e9l\u00e9 la Cour de comptes dans son\u00a0<a href=\"http:\/\/www.courdescomptes.nat.tn\/Fr\/publications_59_3_0_0_0_0000_0000_1_\" target=\"_blank\" rel=\"noopener noreferrer\">rapport annuel<\/a>\u00a0rendu public mercredi.<\/h2>\n<p>D\u2019apr\u00e8s la Cour des comptes, aucune information n\u2019est disponible aujourd\u2019hui pour permettre d\u2019identifier ces personnes. Et par cons\u00e9quent de les tracer. Elle pr\u00e9cise qu\u2019elles repr\u00e9sentent 24,71% de l\u2019ensemble des personnes ayant manqu\u00e9 \u00e0 leurs obligations fiscales.<\/p>\n<p>Selon le rapport, le reste des dettes fiscales est estim\u00e9 \u00e0 2174 millions de dinars. Et ce, jusqu\u2019\u00e0 fin ao\u00fbt 2019. Soit 20% de la valeur totale des<a href=\"http:\/\/www.leconomistemaghrebin.com\/2020\/06\/05\/creances-entreprises-publiques-aupres-letat-representent-double-leurs-dettes\/\" target=\"_blank\" rel=\"noopener noreferrer\">\u00a0dettes \u00e0 l\u2019\u00e9chelle nationale<\/a>. A cet \u00e9gard, la cour a appel\u00e9 le minist\u00e8re des Finances \u00e0 mettre en place une strat\u00e9gie afin d\u2019identifier les personnes qui ne se sont pas acquitt\u00e9es de leurs dettes aupr\u00e8s du fisc, d\u00e9plorant l\u2019absence d\u2019un plan \u00e0 long terme afin de recouvrer les dettes.<\/p>\n<p>Le rapport de la Cour des comptes a mis en \u00e9vidence plusieurs autres lacunes, notamment la non-activation de la Centrale de Recouvrement des Cr\u00e9ances, cr\u00e9\u00e9e en 2011. Pour rappel l\u2019endettement ext\u00e9rieur et int\u00e9rieur en Tunisie a atteint des chiffres alarmants et un pourcentage consid\u00e9rable du PIB. Les voix de plusieurs \u00e9conomistes se sont \u00e9lev\u00e9es pour rationaliser l\u2019endettement.<\/p>\n<p>Avec TAP<\/p>\n<\/div>\n<footer>\n<\/footer>\n<div class=\"wp-post-author-wrap wp-post-author-shortcode left\">\n<h3 class=\"awpa-title\"\/>\n<div class=\"wp-post-author\">\n<div class=\"awpa-img awpa-author-block square\"><a href=\"http:\/\/lexpertjournal.net\/fr\/?author=5\"><img loading=\"lazy\" decoding=\"async\" alt=\"\" src=\"http:\/\/0.gravatar.com\/avatar\/97f8e10a1c1125ba104a76514ee07b16?s=150&amp;d=mm&amp;r=g\" srcset=\"http:\/\/0.gravatar.com\/avatar\/97f8e10a1c1125ba104a76514ee07b16?s=300&amp;d=mm&amp;r=g 2x\" class=\"avatar avatar-150 photo\" height=\"150\" width=\"150\"\/><\/a><\/div>\n<\/div>\n<\/div>\n<aside class=\"mashsb-container mashsb-main mashsb-stretched\">\n<\/aside>\n<p>Auteur: L&rsquo;expert<br \/>\n<a href=\"http:\/\/lexpertjournal.net\/fr\/?p=18625\">Cliquez ici pour lire l&rsquo;article depuis sa source.<\/a><\/p>\n","protected":false},"excerpt":{"rendered":"<p>Pr\u00e8s de 101 mille personnes sont redevables de dettes fiscales qui s\u2019\u00e9l\u00e8vent \u00e0 1418 millions de dinars. C\u2019est ce qu\u2019a r\u00e9v\u00e9l\u00e9 la Cour de comptes dans son\u00a0rapport annuel\u00a0rendu public mercredi. D\u2019apr\u00e8s la Cour des comptes, aucune information n\u2019est disponible aujourd\u2019hui pour permettre d\u2019identifier ces personnes. Et par cons\u00e9quent de les tracer. Elle pr\u00e9cise qu\u2019elles repr\u00e9sentent [&hellip;]<\/p>\n","protected":false},"author":1775,"featured_media":0,"comment_status":"closed","ping_status":"closed","sticky":false,"template":"","format":"standard","meta":{"fifu_image_url":"http:\/\/0.gravatar.com\/avatar\/97f8e10a1c1125ba104a76514ee07b16?s=150&d=mm&r=g","fifu_image_alt":"Cour des Comptes : 101 mille personnes sont endett\u00e9es aupr\u00e8s du fisc","footnotes":""},"categories":[78,55],"tags":[],"class_list":["post-111099","post","type-post","status-publish","format-standard","hentry","category-economie","category-tunisie"],"_links":{"self":[{"href":"https:\/\/linitiative.ca\/International\/wp-json\/wp\/v2\/posts\/111099","targetHints":{"allow":["GET"]}}],"collection":[{"href":"https:\/\/linitiative.ca\/International\/wp-json\/wp\/v2\/posts"}],"about":[{"href":"https:\/\/linitiative.ca\/International\/wp-json\/wp\/v2\/types\/post"}],"author":[{"embeddable":true,"href":"https:\/\/linitiative.ca\/International\/wp-json\/wp\/v2\/users\/1775"}],"replies":[{"embeddable":true,"href":"https:\/\/linitiative.ca\/International\/wp-json\/wp\/v2\/comments?post=111099"}],"version-history":[{"count":0,"href":"https:\/\/linitiative.ca\/International\/wp-json\/wp\/v2\/posts\/111099\/revisions"}],"wp:attachment":[{"href":"https:\/\/linitiative.ca\/International\/wp-json\/wp\/v2\/media?parent=111099"}],"wp:term":[{"taxonomy":"category","embeddable":true,"href":"https:\/\/linitiative.ca\/International\/wp-json\/wp\/v2\/categories?post=111099"},{"taxonomy":"post_tag","embeddable":true,"href":"https:\/\/linitiative.ca\/International\/wp-json\/wp\/v2\/tags?post=111099"}],"curies":[{"name":"wp","href":"https:\/\/api.w.org\/{rel}","templated":true}]}}