{"id":111100,"date":"2021-02-12T04:44:02","date_gmt":"2021-02-12T09:44:02","guid":{"rendered":"https:\/\/linitiative.ca\/International\/la-bct-repond-au-rapport-de-la-cour-des-comptes\/"},"modified":"2021-02-12T04:44:02","modified_gmt":"2021-02-12T09:44:02","slug":"la-bct-repond-au-rapport-de-la-cour-des-comptes","status":"publish","type":"post","link":"https:\/\/linitiative.ca\/International\/la-bct-repond-au-rapport-de-la-cour-des-comptes\/","title":{"rendered":"La BCT r\u00e9pond au rapport de la Cour des comptes"},"content":{"rendered":"<div class=\"td-post-content\">\n<h2>R\u00e9pondant au 32\u00e8me rapport de la Cour des comptes, la Banque centrale de Tunisie (\u00a0<a href=\"https:\/\/www.bct.gov.tn\/\" target=\"_blank\" rel=\"noopener noreferrer\">BCT<\/a>)\u00a0 a tenu \u00e0 clarifier un certain nombre de points, dans un communiqu\u00e9 rendu public aujourd\u2019hui 11 f\u00e9vrier.<\/h2>\n<p>La BCT a point\u00e9 du doigt des informations qui circulent avan\u00e7ant que \u201c la BCT est \u00e0 l\u2019origine d\u2019un manque \u00e0 gagner pour les caisses de l\u2019Etat d\u2019 un montant de 170 millions de dinars, correspondant \u00e0 la somme des sanctions non impos\u00e9es \u00e0 des institutions financi\u00e8res\u201d.\u00a0 L\u2019autorit\u00e9 bancaire rappelle qu\u2019elle a r\u00e9pondu \u00e0 cette information ( page 207 du rapport). Cependant, elle tient \u00e0 avancer d\u2019autres explications pour l\u2019opinion publique. D\u2019ailleurs, elle estime que cette information est le r\u00e9sultat d\u2019une \u201c\u00a0 interpr\u00e9tation erron\u00e9e du rapport de la Cour des comptes \u201d.<\/p>\n<p>La m\u00eame source estime qu\u2019il s\u2019agit d\u2019un montant approximatif calcul\u00e9 par les experts de la Cour des comptes. C\u2019est une approche autre que celle de la Banque centrale. D\u2019ailleurs, la BCT affirme que\u00a0 l\u2019institution judicaire a calcul\u00e9 cette somme \u00e0 partir des rapports internes de la BCT.<\/p>\n<p>La BCT explique, \u00e9galement, que le contr\u00f4le bancaire se base sur les risques. Son objectif \u00e9tant d\u2019assurer la stabilit\u00e9 financi\u00e8re et de mettre en place les piliers de la<a href=\"http:\/\/www.leconomistemaghrebin.com\/2020\/02\/03\/ahmed-el-karm-plaide-bonne-gouvernance-crowdfunding\/\" target=\"_blank\" rel=\"noopener noreferrer\">\u00a0bonne gouvernance<\/a>.\u00a0 La BCT n\u2019impose pas syst\u00e9matiquement les sanctions aux banques. Lit-on dans le communiqu\u00e9. Car elle \u00a0\u00bb prend en consid\u00e9ration le degr\u00e9 de l\u2019application\u00a0 des institutions financi\u00e8res\u00a0 de ses recommandations\u201d. Pour argumenter ses propos, la BCT indique, \u00e9galement, qu\u2019elle a renforc\u00e9 les m\u00e9thodes de contr\u00f4le. Ce qui a contribu\u00e9 \u00e0 la hausse du montant des infractions, \u00e0 savoir 22 millions de dinars.<\/p>\n<p>Enfin, la BCT a affirm\u00e9 qu\u2019elle a oeuvr\u00e9, durant la derni\u00e8re d\u00e9cennie, \u00e0 mettre en place un processus de r\u00e9forme pour le secteur bancaire. Notamment en ce qui concerne sa solidit\u00e9, sa capacit\u00e9. \u201c Des r\u00e9formes qui ont \u00e9t\u00e9 cit\u00e9es par plusieurs rapports internationaux\u201d. Ce processus est toujours en cours. Continue la m\u00eame source. La BCT continue , en parall\u00e8le, \u00e0 oeuvrer pour la r\u00e9alisation de ses objectifs, \u00e0 savoir l\u2019alignement aux meilleures normes et pratiques internationales<\/p>\n<p>Source : communiqu\u00e9<\/p>\n<\/div>\n<footer>\n<\/footer>\n<div class=\"wp-post-author-wrap wp-post-author-shortcode left\">\n<h3 class=\"awpa-title\"\/>\n<div class=\"wp-post-author\">\n<div class=\"awpa-img awpa-author-block square\"><a href=\"http:\/\/lexpertjournal.net\/fr\/?author=5\"><img loading=\"lazy\" decoding=\"async\" alt=\"\" src=\"http:\/\/0.gravatar.com\/avatar\/97f8e10a1c1125ba104a76514ee07b16?s=150&amp;d=mm&amp;r=g\" srcset=\"http:\/\/0.gravatar.com\/avatar\/97f8e10a1c1125ba104a76514ee07b16?s=300&amp;d=mm&amp;r=g 2x\" class=\"avatar avatar-150 photo\" height=\"150\" width=\"150\"\/><\/a><\/div>\n<\/div>\n<\/div>\n<aside class=\"mashsb-container mashsb-main mashsb-stretched\">\n<\/aside>\n<p>Auteur: L&rsquo;expert<br \/>\n<a href=\"http:\/\/lexpertjournal.net\/fr\/?p=18628\">Cliquez ici pour lire l&rsquo;article depuis sa source.<\/a><\/p>\n","protected":false},"excerpt":{"rendered":"<p>R\u00e9pondant au 32\u00e8me rapport de la Cour des comptes, la Banque centrale de Tunisie (\u00a0BCT)\u00a0 a tenu \u00e0 clarifier un certain nombre de points, dans un communiqu\u00e9 rendu public aujourd\u2019hui 11 f\u00e9vrier. La BCT a point\u00e9 du doigt des informations qui circulent avan\u00e7ant que \u201c la BCT est \u00e0 l\u2019origine d\u2019un manque \u00e0 gagner pour [&hellip;]<\/p>\n","protected":false},"author":1775,"featured_media":0,"comment_status":"closed","ping_status":"closed","sticky":false,"template":"","format":"standard","meta":{"fifu_image_url":"http:\/\/0.gravatar.com\/avatar\/97f8e10a1c1125ba104a76514ee07b16?s=150&d=mm&r=g","fifu_image_alt":"La BCT r\u00e9pond au rapport de la Cour des comptes","footnotes":""},"categories":[78,55],"tags":[],"class_list":["post-111100","post","type-post","status-publish","format-standard","hentry","category-economie","category-tunisie"],"_links":{"self":[{"href":"https:\/\/linitiative.ca\/International\/wp-json\/wp\/v2\/posts\/111100","targetHints":{"allow":["GET"]}}],"collection":[{"href":"https:\/\/linitiative.ca\/International\/wp-json\/wp\/v2\/posts"}],"about":[{"href":"https:\/\/linitiative.ca\/International\/wp-json\/wp\/v2\/types\/post"}],"author":[{"embeddable":true,"href":"https:\/\/linitiative.ca\/International\/wp-json\/wp\/v2\/users\/1775"}],"replies":[{"embeddable":true,"href":"https:\/\/linitiative.ca\/International\/wp-json\/wp\/v2\/comments?post=111100"}],"version-history":[{"count":0,"href":"https:\/\/linitiative.ca\/International\/wp-json\/wp\/v2\/posts\/111100\/revisions"}],"wp:attachment":[{"href":"https:\/\/linitiative.ca\/International\/wp-json\/wp\/v2\/media?parent=111100"}],"wp:term":[{"taxonomy":"category","embeddable":true,"href":"https:\/\/linitiative.ca\/International\/wp-json\/wp\/v2\/categories?post=111100"},{"taxonomy":"post_tag","embeddable":true,"href":"https:\/\/linitiative.ca\/International\/wp-json\/wp\/v2\/tags?post=111100"}],"curies":[{"name":"wp","href":"https:\/\/api.w.org\/{rel}","templated":true}]}}