{"id":111102,"date":"2021-02-12T06:45:57","date_gmt":"2021-02-12T11:45:57","guid":{"rendered":"https:\/\/linitiative.ca\/International\/reunion-de-la-conect-avec-m-andre-parant-ambassadeur-de-france-en-tunisie\/"},"modified":"2021-02-12T06:45:57","modified_gmt":"2021-02-12T11:45:57","slug":"reunion-de-la-conect-avec-m-andre-parant-ambassadeur-de-france-en-tunisie","status":"publish","type":"post","link":"https:\/\/linitiative.ca\/International\/reunion-de-la-conect-avec-m-andre-parant-ambassadeur-de-france-en-tunisie\/","title":{"rendered":"R\u00e9union de la CONECT avec M. Andr\u00e9 Parant, Ambassadeur de  France en Tunisie"},"content":{"rendered":"<p>Mercredi 10 F\u00e9vrier 2021, M. Tarak Ch\u00e9rif Pr\u00e9sident de la Conf\u00e9d\u00e9ration<br \/>des Entreprises Citoyennes de Tunisie a re\u00e7u Son Excellence M. Andr\u00e9<br \/>Parant, Ambassadeur de France en Tunisie et ce au si\u00e8ge de la CONECT.<br \/>Son Excellence M. Parant \u00e9tait accompagn\u00e9 de M. Florentin Hyvert, du<br \/>service \u00e9conomique r\u00e9gional (Tunisie, Libye) et M.Michel Bauza,<br \/>Directeur Business France zone Afrique du Nord .<br \/>\u00c9taient pr\u00e9sents \u00e0 la r\u00e9union les repr\u00e9sentants de la CONECT des fili\u00e8res<br \/>IT, Agroalimentaire, Industrie, Sant\u00e9, \u00e9lectronique et \u00e9lectricit\u00e9.<br \/>Cette rencontre a \u00e9t\u00e9 l\u2019occasion de mettre en valeur le potentiel de<br \/>partenariat et d\u2019\u00e9changes entre les PME tunisiennes et fran\u00e7aises dans<br \/>divers secteurs d\u2019activit\u00e9 surtout en cette p\u00e9riode de crise sanitaire.<br \/>Il a \u00e9galement \u00e9t\u00e9 expos\u00e9 un plan d\u2019action entre Business France et<br \/>CONECT pour l\u2019ann\u00e9e 2021, autour de deux axes principaux :<br \/>\uf0b7 Les synergies sur l\u2019information et la communication<br \/>entrepreneuriale.<br \/>\uf0b7 La mise en relation des entrepreneurs membres de la CONECT<br \/>avec les entreprises Fran\u00e7aises accompagn\u00e9es par la team France<br \/>Export afin de relancer l\u2019investissement.<\/p>\n<div class=\"wp-post-author-wrap wp-post-author-shortcode left\">\n<h3 class=\"awpa-title\"\/>\n<div class=\"wp-post-author\">\n<div class=\"awpa-img awpa-author-block square\"><a href=\"http:\/\/lexpertjournal.net\/fr\/?author=5\"><img loading=\"lazy\" decoding=\"async\" alt=\"\" src=\"http:\/\/0.gravatar.com\/avatar\/97f8e10a1c1125ba104a76514ee07b16?s=150&amp;d=mm&amp;r=g\" srcset=\"http:\/\/0.gravatar.com\/avatar\/97f8e10a1c1125ba104a76514ee07b16?s=300&amp;d=mm&amp;r=g 2x\" class=\"avatar avatar-150 photo\" height=\"150\" width=\"150\"\/><\/a><\/div>\n<\/div>\n<\/div>\n<aside class=\"mashsb-container mashsb-main mashsb-stretched\">\n<\/aside>\n<p>Auteur: L&rsquo;expert<br \/>\n<a href=\"http:\/\/lexpertjournal.net\/fr\/?p=18646\">Cliquez ici pour lire l&rsquo;article depuis sa source.<\/a><\/p>\n","protected":false},"excerpt":{"rendered":"<p>Mercredi 10 F\u00e9vrier 2021, M. Tarak Ch\u00e9rif Pr\u00e9sident de la Conf\u00e9d\u00e9rationdes Entreprises Citoyennes de Tunisie a re\u00e7u Son Excellence M. Andr\u00e9Parant, Ambassadeur de France en Tunisie et ce au si\u00e8ge de la CONECT.Son Excellence M. Parant \u00e9tait accompagn\u00e9 de M. Florentin Hyvert, duservice \u00e9conomique r\u00e9gional (Tunisie, Libye) et M.Michel Bauza,Directeur Business France zone Afrique du [&hellip;]<\/p>\n","protected":false},"author":1775,"featured_media":0,"comment_status":"closed","ping_status":"closed","sticky":false,"template":"","format":"standard","meta":{"fifu_image_url":"http:\/\/0.gravatar.com\/avatar\/97f8e10a1c1125ba104a76514ee07b16?s=150&d=mm&r=g","fifu_image_alt":"R\u00e9union de la CONECT avec M. Andr\u00e9 Parant, Ambassadeur de  France en Tunisie","footnotes":""},"categories":[78,55],"tags":[],"class_list":["post-111102","post","type-post","status-publish","format-standard","hentry","category-economie","category-tunisie"],"_links":{"self":[{"href":"https:\/\/linitiative.ca\/International\/wp-json\/wp\/v2\/posts\/111102","targetHints":{"allow":["GET"]}}],"collection":[{"href":"https:\/\/linitiative.ca\/International\/wp-json\/wp\/v2\/posts"}],"about":[{"href":"https:\/\/linitiative.ca\/International\/wp-json\/wp\/v2\/types\/post"}],"author":[{"embeddable":true,"href":"https:\/\/linitiative.ca\/International\/wp-json\/wp\/v2\/users\/1775"}],"replies":[{"embeddable":true,"href":"https:\/\/linitiative.ca\/International\/wp-json\/wp\/v2\/comments?post=111102"}],"version-history":[{"count":0,"href":"https:\/\/linitiative.ca\/International\/wp-json\/wp\/v2\/posts\/111102\/revisions"}],"wp:attachment":[{"href":"https:\/\/linitiative.ca\/International\/wp-json\/wp\/v2\/media?parent=111102"}],"wp:term":[{"taxonomy":"category","embeddable":true,"href":"https:\/\/linitiative.ca\/International\/wp-json\/wp\/v2\/categories?post=111102"},{"taxonomy":"post_tag","embeddable":true,"href":"https:\/\/linitiative.ca\/International\/wp-json\/wp\/v2\/tags?post=111102"}],"curies":[{"name":"wp","href":"https:\/\/api.w.org\/{rel}","templated":true}]}}