{"id":111113,"date":"2021-02-11T10:00:00","date_gmt":"2021-02-11T15:00:00","guid":{"rendered":"https:\/\/linitiative.ca\/International\/12-hirakistes-relaxes-par-le-tribunal-de-tlemcen\/"},"modified":"2021-02-11T10:00:00","modified_gmt":"2021-02-11T15:00:00","slug":"12-hirakistes-relaxes-par-le-tribunal-de-tlemcen","status":"publish","type":"post","link":"https:\/\/linitiative.ca\/International\/12-hirakistes-relaxes-par-le-tribunal-de-tlemcen\/","title":{"rendered":"12 hirakistes relax\u00e9s par le tribunal de Tlemcen"},"content":{"rendered":"<div id=\"originalText\" readability=\"50\">\n<p>Le tribunal de Tlemcen a prononc\u00e9, jeudi, la relaxe en faveur de 12 hirakistes, jug\u00e9s pour attroupement non arm\u00e9, et la restitution des objets saisis, \u00e0 savoir l\u2019embl\u00e8me national.<\/p>\n<p>Les inculp\u00e9s avaient \u00e9t\u00e9 ainsi poursuivis pour avoir tent\u00e9 d\u2019organiser une marche pacifique, le vendredi 21 ao\u00fbt 2020, avant que les forces de police n\u2019interviennent pour les disperser et proc\u00e9der \u00e0 leur interpellation.<\/p>\n<p>Lors du proc\u00e8s qui s\u2019est d\u00e9roul\u00e9 en janvier dernier, le procureur de la R\u00e9publique avait requis la peine d\u2019une ann\u00e9e de prison ferme assortie d\u2019une amende de 50\u00a0000 DA.\u00a0<\/p>\n<p class=\"c6\"><strong>S. Ould Ali pour R\u00e9daction Web\u00a0<\/strong><\/p>\n<\/div>\n<div id=\"text_core\" readability=\"50\">\n<p>Le tribunal de Tlemcen a prononc\u00e9, jeudi, la relaxe en faveur de 12 hirakistes, jug\u00e9s pour attroupement non arm\u00e9, et la restitution des objets saisis, \u00e0 savoir l\u2019embl\u00e8me national.<\/p>\n<p>Les inculp\u00e9s avaient \u00e9t\u00e9 ainsi poursuivis pour avoir tent\u00e9 d\u2019organiser une marche pacifique, le vendredi 21 ao\u00fbt 2020, avant que les forces de police n\u2019interviennent pour les disperser et proc\u00e9der \u00e0 leur interpellation.<\/p>\n<p>Lors du proc\u00e8s qui s\u2019est d\u00e9roul\u00e9 en janvier dernier, le procureur de la R\u00e9publique avait requis la peine d\u2019une ann\u00e9e de prison ferme assortie d\u2019une amende de 50\u00a0000 DA.\u00a0<\/p>\n<p class=\"c6\"><strong>S. Ould Ali pour R\u00e9daction Web\u00a0<\/strong><\/p>\n<\/div>\n<p>Auteur:<br \/>\n<a href=\"https:\/\/www.liberte-algerie.com\/actualite\/12-hirakistes-relaxes-par-le-tribunal-de-tlemcen-353924\">Cliquez ici pour lire l&rsquo;article depuis sa source.<\/a><\/p>\n","protected":false},"excerpt":{"rendered":"<p>Le tribunal de Tlemcen a prononc\u00e9, jeudi, la relaxe en faveur de 12 hirakistes, jug\u00e9s pour attroupement non arm\u00e9, et la restitution des objets saisis, \u00e0 savoir l\u2019embl\u00e8me national. Les inculp\u00e9s avaient \u00e9t\u00e9 ainsi poursuivis pour avoir tent\u00e9 d\u2019organiser une marche pacifique, le vendredi 21 ao\u00fbt 2020, avant que les forces de police n\u2019interviennent pour [&hellip;]<\/p>\n","protected":false},"author":1742,"featured_media":0,"comment_status":"closed","ping_status":"closed","sticky":false,"template":"","format":"standard","meta":{"fifu_image_url":"","fifu_image_alt":"","footnotes":""},"categories":[73,53],"tags":[],"class_list":["post-111113","post","type-post","status-publish","format-standard","hentry","category-actualite","category-algerie"],"_links":{"self":[{"href":"https:\/\/linitiative.ca\/International\/wp-json\/wp\/v2\/posts\/111113","targetHints":{"allow":["GET"]}}],"collection":[{"href":"https:\/\/linitiative.ca\/International\/wp-json\/wp\/v2\/posts"}],"about":[{"href":"https:\/\/linitiative.ca\/International\/wp-json\/wp\/v2\/types\/post"}],"author":[{"embeddable":true,"href":"https:\/\/linitiative.ca\/International\/wp-json\/wp\/v2\/users\/1742"}],"replies":[{"embeddable":true,"href":"https:\/\/linitiative.ca\/International\/wp-json\/wp\/v2\/comments?post=111113"}],"version-history":[{"count":0,"href":"https:\/\/linitiative.ca\/International\/wp-json\/wp\/v2\/posts\/111113\/revisions"}],"wp:attachment":[{"href":"https:\/\/linitiative.ca\/International\/wp-json\/wp\/v2\/media?parent=111113"}],"wp:term":[{"taxonomy":"category","embeddable":true,"href":"https:\/\/linitiative.ca\/International\/wp-json\/wp\/v2\/categories?post=111113"},{"taxonomy":"post_tag","embeddable":true,"href":"https:\/\/linitiative.ca\/International\/wp-json\/wp\/v2\/tags?post=111113"}],"curies":[{"name":"wp","href":"https:\/\/api.w.org\/{rel}","templated":true}]}}