{"id":111115,"date":"2021-02-12T11:09:20","date_gmt":"2021-02-12T16:09:20","guid":{"rendered":"https:\/\/linitiative.ca\/International\/le-comite-du-crm-rend-hommage-aux-benevoles-mobilises-a-ses-cotes\/"},"modified":"2021-02-12T11:09:20","modified_gmt":"2021-02-12T16:09:20","slug":"le-comite-du-crm-rend-hommage-aux-benevoles-mobilises-a-ses-cotes","status":"publish","type":"post","link":"https:\/\/linitiative.ca\/International\/le-comite-du-crm-rend-hommage-aux-benevoles-mobilises-a-ses-cotes\/","title":{"rendered":"Le comit\u00e9 du CRM rend hommage aux b\u00e9n\u00e9voles mobilis\u00e9s \u00e0 ses c\u00f4t\u00e9s"},"content":{"rendered":"<div readability=\"33\">\n<p>Marrakech \u2013 Le comit\u00e9 r\u00e9gional du Croissant-Rouge Marocain (CRM) de Marrakech-Safi a rendu un vibrant hommage aux b\u00e9n\u00e9voles mobilis\u00e9s quotidiennement \u00e0 ses c\u00f4t\u00e9s et sur tous les fronts.<\/p>\n<\/div>\n<div readability=\"81\">\n<p>Le Comit\u00e9 r\u00e9gional du CRM de Marrakech-Safi \u00ab\u00a0tient \u00e0 remercier tous les b\u00e9n\u00e9voles pr\u00e9sents quotidiennement \u00e0 nos cot\u00e9s\u00a0\u00bb et souligne \u00ab\u00a0leurs fortes contributions au succ\u00e8s, et au bon d\u00e9roulement de ses activit\u00e9s et campagnes de sensibilisation\u00a0\u00bb, a indiqu\u00e9 le comit\u00e9 r\u00e9gional du CRM dans un communiqu\u00e9<\/p>\n<p>\u00ab\u00a0Cette mobilisation est d\u2019autant plus cruciale et palpable dans ce contexte de crise sanitaire o\u00f9 ils ont fait preuve d\u2019abn\u00e9gation et de d\u00e9termination dans la lutte contre la propagation de la Covid-19\u00a0\u00bb, a relev\u00e9 la m\u00eame source.<\/p>\n<p>Depuis le lancement de la campagne nationale de vaccination anti-Covid-19 par Sa Majest\u00e9 le Roi Mohammed VI, les b\u00e9n\u00e9voles du CRM de Marrakech-Safi sont mobilis\u00e9s pour contribuer, aux c\u00f4t\u00e9s des cadres administratifs et m\u00e9dicaux, au succ\u00e8s de cette initiative citoyenne d\u2019envergure, a-t-elle ajout\u00e9.<\/p>\n<p>Le Comit\u00e9 provincial du CRM \u00e0 Marrakech avait grandement contribu\u00e9 \u00e0 l\u2019effort national de lutte contre la pand\u00e9mie de la Covid-19, \u00e0 travers la sensibilisation et la distribution d\u2019aides alimentaires et plus de 70.000 masques de protection.<\/p>\n<p>Le Comit\u00e9 m\u00e8ne depuis le d\u00e9clenchement de la vague de froid une vaste op\u00e9ration de distribution de lots de v\u00eatements aux personnes d\u00e9munies issues de la M\u00e9dina de Marrakech, et ce dans le cadre des efforts visant \u00e0 lutter contre les r\u00e9percussions de cette vague, qui affecte la r\u00e9gion en cette p\u00e9riode de l\u2019ann\u00e9e.<\/p>\n<p>Cette initiative humaine vise \u00e0 consacrer les valeurs de solidarit\u00e9 qui caract\u00e9risent la soci\u00e9t\u00e9 marocaine et \u00e0 soulager les souffrances des personnes d\u00e9munies affect\u00e9es par la vague de froid que connait la r\u00e9gion Marrakech-Safi durant l\u2019hiver.<\/p>\n<p>Le bureau r\u00e9gional du CRM de Marrakech-Safi, une structure qui sera charg\u00e9e de fournir des services sociaux et de sant\u00e9 volontaires au profit de la population \u00e0 l\u2019\u00e9chelle r\u00e9gionale, a \u00e9t\u00e9 constitu\u00e9 r\u00e9cemment dans la cit\u00e9 ocre.<\/p>\n<p>Ainsi, il a \u00e9t\u00e9 proc\u00e9d\u00e9 \u00e0 l\u2019\u00e9lection de Moulay Hafid Alaoui en tant que pr\u00e9sident du bureau r\u00e9gional du CRM de Marrakech-Safi, et ce dans le cadre du parach\u00e8vement de son organigramme, sachant que cette structure compte parmi ses membres les pr\u00e9sidents des bureaux provinciaux du Croissant Rouge Marocain et des acteurs de la soci\u00e9t\u00e9 civile.<\/p>\n<\/div>\n<p>Auteur: Meriem IGASS<br \/>\n<a href=\"http:\/\/www.mapmarrakech.ma\/fr\/le-comite-du-crm-rend-hommage-aux-benevoles-mobilises-a-ses-cotes\/\">Cliquez ici pour lire l&rsquo;article depuis sa source.<\/a><\/p>\n","protected":false},"excerpt":{"rendered":"<p>Marrakech \u2013 Le comit\u00e9 r\u00e9gional du Croissant-Rouge Marocain (CRM) de Marrakech-Safi a rendu un vibrant hommage aux b\u00e9n\u00e9voles mobilis\u00e9s quotidiennement \u00e0 ses c\u00f4t\u00e9s et sur tous les fronts. Le Comit\u00e9 r\u00e9gional du CRM de Marrakech-Safi \u00ab\u00a0tient \u00e0 remercier tous les b\u00e9n\u00e9voles pr\u00e9sents quotidiennement \u00e0 nos cot\u00e9s\u00a0\u00bb et souligne \u00ab\u00a0leurs fortes contributions au succ\u00e8s, et au [&hellip;]<\/p>\n","protected":false},"author":1788,"featured_media":0,"comment_status":"closed","ping_status":"closed","sticky":false,"template":"","format":"standard","meta":{"fifu_image_url":"","fifu_image_alt":"","footnotes":""},"categories":[54,76],"tags":[],"class_list":["post-111115","post","type-post","status-publish","format-standard","hentry","category-maroc","category-regions"],"_links":{"self":[{"href":"https:\/\/linitiative.ca\/International\/wp-json\/wp\/v2\/posts\/111115","targetHints":{"allow":["GET"]}}],"collection":[{"href":"https:\/\/linitiative.ca\/International\/wp-json\/wp\/v2\/posts"}],"about":[{"href":"https:\/\/linitiative.ca\/International\/wp-json\/wp\/v2\/types\/post"}],"author":[{"embeddable":true,"href":"https:\/\/linitiative.ca\/International\/wp-json\/wp\/v2\/users\/1788"}],"replies":[{"embeddable":true,"href":"https:\/\/linitiative.ca\/International\/wp-json\/wp\/v2\/comments?post=111115"}],"version-history":[{"count":0,"href":"https:\/\/linitiative.ca\/International\/wp-json\/wp\/v2\/posts\/111115\/revisions"}],"wp:attachment":[{"href":"https:\/\/linitiative.ca\/International\/wp-json\/wp\/v2\/media?parent=111115"}],"wp:term":[{"taxonomy":"category","embeddable":true,"href":"https:\/\/linitiative.ca\/International\/wp-json\/wp\/v2\/categories?post=111115"},{"taxonomy":"post_tag","embeddable":true,"href":"https:\/\/linitiative.ca\/International\/wp-json\/wp\/v2\/tags?post=111115"}],"curies":[{"name":"wp","href":"https:\/\/api.w.org\/{rel}","templated":true}]}}