{"id":111116,"date":"2021-02-12T11:32:24","date_gmt":"2021-02-12T16:32:24","guid":{"rendered":"https:\/\/linitiative.ca\/International\/lancement-de-la-campagne-nasmaa-dimplants-cochleaires\/"},"modified":"2021-02-12T11:32:24","modified_gmt":"2021-02-12T16:32:24","slug":"lancement-de-la-campagne-nasmaa-dimplants-cochleaires","status":"publish","type":"post","link":"https:\/\/linitiative.ca\/International\/lancement-de-la-campagne-nasmaa-dimplants-cochleaires\/","title":{"rendered":"Lancement de la campagne NASMAA d\u2019implants cochl\u00e9aires"},"content":{"rendered":"<div readability=\"40\">\n<p>Marrakech \u2013 La ministre de la Solidarit\u00e9, du d\u00e9veloppement social, de l\u2019\u00e9galit\u00e9 et de la famille, Mme Jamila El Moussali, a proc\u00e9d\u00e9, vendredi \u00e0 Marrakech, au lancement de la campagne NASMAA d\u2019implants cochl\u00e9aires au profit des enfants sourds.<\/p>\n<\/div>\n<div readability=\"159\">\n<p>Le programme \u00ab\u00a0NASMAA\u00a0\u00bb, qui cible sur deux ans, plus de 800 enfants sourds \u00e0 l\u2019\u00e9chelon national, \u00e2g\u00e9s de 5 ans ou moins, issus de familles d\u00e9favoris\u00e9es, est mis en \u0153uvre en coop\u00e9ration avec la Fondation Lalla Asmae pour Enfants Sourds, le minist\u00e8re de la Sant\u00e9, l\u2019H\u00f4pital Militaire d\u2019Instruction Mohammed V, les CHU et les associations \u0153uvrant dans ce domaine.<\/p>\n<p>\u00ab\u00a0Le lancement du programme NASMAA rev\u00eat une grande importance au vu de sa contribution \u00e0 la protection des enfants sourds et l\u2019accompagnement de leurs familles, dans le cadre d\u2019une approche sociale bas\u00e9e sur l\u2019inclusivit\u00e9 et l\u2019int\u00e9gration\u00a0\u00bb, a soulign\u00e9 Mme El Moussali dans une allocution \u00e0 cette occasion.<\/p>\n<p>\u00ab\u00a0Ce programme donne une nouvelle vie aux enfants et constitue un investissement dans le citoyen, en le lib\u00e9rant d\u2019un handicap qui hypoth\u00e9querait son avenir, notamment sur les plans social et professionnel\u00a0\u00bb, a relev\u00e9 la ministre, mettant en exergue la contribution effective et l\u2019engagement continu de tous les partenaires pour assurer la r\u00e9ussite de ce chantier, \u00e0 m\u00eame de permettre de r\u00e9pondre aux besoins de ces enfants lors de toutes les \u00e9tapes de la prise en charge.<\/p>\n<p>Et d\u2019ajouter que \u00ab\u00a0ce programme, de par sa dimension nationale et son ciblage progressif de nombreux enfants issus de familles d\u00e9favoris\u00e9es, requiert la f\u00e9d\u00e9ration des efforts des CHU pour mener \u00e0 bien les op\u00e9rations chirurgicales, des cadres sp\u00e9cialis\u00e9s pour fournir les services d\u2019orthophonie et de r\u00e9\u00e9ducation auditive, et des familles pour assurer l\u2019accompagnement et le soutien de ces enfants.<\/p>\n<p>De son c\u00f4t\u00e9, le directeur de la Fondation Lalla Asmae pour Enfants Sourds, M. Hsini El Houssaine, a indiqu\u00e9 que ce programme a d\u00e9marr\u00e9 aujourd\u2019hui au CHU Mohammed VI de Marrakech et va monter crescendo pour s\u2019\u00e9tendre \u00e0 tous les CHU du Royaume et aux h\u00f4pitaux militaires.<\/p>\n<p>Dans une d\u00e9claration \u00e0 la MAP, M. El Houssaine a exprim\u00e9 sa gratitude \u00e0 tous les partenaires qui ont contribu\u00e9 \u00e0 la mise en place de ce programme, mettant en exergue le r\u00f4le majeur que joue la Fondation Lalla Asmae pour Enfants Sourds en vue d\u2019am\u00e9liorer la vie de cette cat\u00e9gorie sociale, notamment \u00e0 travers la promotion de leur sant\u00e9 et leur int\u00e9gration dans la vie estudiantine.<\/p>\n<p>Pour sa part, le Directeur du CHU Mohammed VI de Marrakech, M. Lahcen Boukhanni, a affirm\u00e9 que le programme \u00ab\u00a0NASMAA\u00a0\u00bb permet aux enfants sourds issus de familles d\u00e9favoris\u00e9es de retrouver l\u2019ou\u00efe gr\u00e2ce \u00e0 l\u2019implantation cochl\u00e9aire, rappelant que le CHU Mohammed VI de la cit\u00e9 ocre a entam\u00e9 l\u2019op\u00e9ration d\u2019implantation cochl\u00e9aire depuis 2007 dans le cadre du plan national \u00ab\u00a0Sant\u00e9 et Handicap\u00a0\u00bb.<\/p>\n<p>Dans une d\u00e9claration similaire, M. Boukhanni a expliqu\u00e9 que cette exp\u00e9rience a permis au CHU Mohammed VI de Marrakech d\u2019acqu\u00e9rir une exp\u00e9rience solide, notamment au niveau du diagnostic, de l\u2019acte chirurgical ou du suivi apr\u00e8s l\u2019implantation cochl\u00e9aire.<\/p>\n<p>De son c\u00f4t\u00e9, M. Khalil Hachimi Idrissi, Directeur g\u00e9n\u00e9ral de la MAP, partenaire du programme \u00ab\u00a0Nasmaa\u00a0\u00bb, a soulign\u00e9 que \u00ab\u00a0la MAP participe m\u00e9thodiquement, depuis deux ans, \u00e0 la r\u00e9alisation de ce programme, qui vise \u00e0 \u00e9quiper les enfants sourds d\u2019implants cochl\u00e9aires\u00a0\u00bb, ajoutant que l\u2019Agence est engag\u00e9e \u00e0 mobiliser tous les moyens sur le plan de la communication pour assurer la r\u00e9ussite de ce chantier.<\/p>\n<p>\u00ab\u00a0Nous visons \u00e9videmment une mobilisation m\u00e9diatique et sociale qui permet de multiplier le nombre des b\u00e9n\u00e9ficiaires \u00e0 un certain niveau pour que le b\u00e9n\u00e9fice de ce programme soit le plus g\u00e9n\u00e9ralis\u00e9 possible\u00a0\u00bb, a expliqu\u00e9 M. Hachimi Idrissi.<\/p>\n<p>Le programme NASMAA comprend toutes les \u00e9tapes du processus de prise en charge des enfants sourds depuis l\u2019intervention chirurgicale pour l\u2019implantation cochl\u00e9aire au suivi de l\u2019\u00e9tat de sant\u00e9 des b\u00e9n\u00e9ficiaires, notamment \u00e0 travers les services d\u2019orthophonie et de r\u00e9\u00e9ducation auditive.<\/p>\n<p>Ce Programme s\u2019inscrit dans le cadre du renforcement de la transversalit\u00e9 et la convergence des efforts et des interventions du minist\u00e8re de la Solidarit\u00e9, du D\u00e9veloppement Social, de l\u2019Egalit\u00e9 et de la Famille, du minist\u00e8re de la Sant\u00e9, de la Fondation Lalla Asmae, et de l\u2019Entraide Nationale, pour promouvoir les droits des enfants en situation de handicap auditif au Royaume et pour soutenir leur int\u00e9gration sociale, notamment en leur permettant de retrouver l\u2019audition et la communication, de se scolariser et s\u2019int\u00e9grer dans la soci\u00e9t\u00e9, et d\u2019all\u00e9ger les charges financi\u00e8res issues du processus d\u2019implantation cochl\u00e9aire et de r\u00e9\u00e9ducation auditive et orthophonique pour leurs familles.<\/p>\n<p>Selon les r\u00e9sultats de la deuxi\u00e8me Enqu\u00eate Nationale sur le Handicap au Maroc, le taux de pr\u00e9valence de handicap au niveau national est de 6.8%, soit 2.264.672 personnes.<\/p>\n<p>Le taux d\u2019incapacit\u00e9 fonctionnelle li\u00e9e \u00e0 l\u2019audition repr\u00e9sente 22,1% du nombre total des personnes en situation de handicap moyenne \u00e0 tr\u00e8s s\u00e9v\u00e8re, pr\u00e9cise-t-on de m\u00eame source.<\/p>\n<p>Aussi, 4.6% des personnes en situation de handicap de degr\u00e9 l\u00e9ger \u00e0 tr\u00e8s profond, appartenant \u00e0 la tranche d\u2019\u00e2ge des moins de 15 ans, souffrent d\u2019une d\u00e9ficience auditive (6780 enfants), ajoute la m\u00eame source, faisant savoir que le cinqui\u00e8me de l\u2019ensemble de ces enfants ont de grandes difficult\u00e9s \u00e0 entendre, soit environ 1356 enfants.<\/p>\n<\/div>\n<p>Auteur: Meriem IGASS<br \/>\n<a href=\"http:\/\/www.mapmarrakech.ma\/fr\/lancement-de-la-campagne-nasmaa-dimplants-cochleaires\/\">Cliquez ici pour lire l&rsquo;article depuis sa source.<\/a><\/p>\n","protected":false},"excerpt":{"rendered":"<p>Marrakech \u2013 La ministre de la Solidarit\u00e9, du d\u00e9veloppement social, de l\u2019\u00e9galit\u00e9 et de la famille, Mme Jamila El Moussali, a proc\u00e9d\u00e9, vendredi \u00e0 Marrakech, au lancement de la campagne NASMAA d\u2019implants cochl\u00e9aires au profit des enfants sourds. Le programme \u00ab\u00a0NASMAA\u00a0\u00bb, qui cible sur deux ans, plus de 800 enfants sourds \u00e0 l\u2019\u00e9chelon national, \u00e2g\u00e9s [&hellip;]<\/p>\n","protected":false},"author":1788,"featured_media":0,"comment_status":"closed","ping_status":"closed","sticky":false,"template":"","format":"standard","meta":{"fifu_image_url":"","fifu_image_alt":"","footnotes":""},"categories":[54,76],"tags":[],"class_list":["post-111116","post","type-post","status-publish","format-standard","hentry","category-maroc","category-regions"],"_links":{"self":[{"href":"https:\/\/linitiative.ca\/International\/wp-json\/wp\/v2\/posts\/111116","targetHints":{"allow":["GET"]}}],"collection":[{"href":"https:\/\/linitiative.ca\/International\/wp-json\/wp\/v2\/posts"}],"about":[{"href":"https:\/\/linitiative.ca\/International\/wp-json\/wp\/v2\/types\/post"}],"author":[{"embeddable":true,"href":"https:\/\/linitiative.ca\/International\/wp-json\/wp\/v2\/users\/1788"}],"replies":[{"embeddable":true,"href":"https:\/\/linitiative.ca\/International\/wp-json\/wp\/v2\/comments?post=111116"}],"version-history":[{"count":0,"href":"https:\/\/linitiative.ca\/International\/wp-json\/wp\/v2\/posts\/111116\/revisions"}],"wp:attachment":[{"href":"https:\/\/linitiative.ca\/International\/wp-json\/wp\/v2\/media?parent=111116"}],"wp:term":[{"taxonomy":"category","embeddable":true,"href":"https:\/\/linitiative.ca\/International\/wp-json\/wp\/v2\/categories?post=111116"},{"taxonomy":"post_tag","embeddable":true,"href":"https:\/\/linitiative.ca\/International\/wp-json\/wp\/v2\/tags?post=111116"}],"curies":[{"name":"wp","href":"https:\/\/api.w.org\/{rel}","templated":true}]}}