{"id":111117,"date":"2021-02-12T12:17:53","date_gmt":"2021-02-12T17:17:53","guid":{"rendered":"https:\/\/linitiative.ca\/International\/mme-el-moussali-visite-le-centre-daccompagnement-des-enfants\/"},"modified":"2021-02-12T12:17:53","modified_gmt":"2021-02-12T17:17:53","slug":"mme-el-moussali-visite-le-centre-daccompagnement-des-enfants","status":"publish","type":"post","link":"https:\/\/linitiative.ca\/International\/mme-el-moussali-visite-le-centre-daccompagnement-des-enfants\/","title":{"rendered":"Mme El Moussali visite le Centre d\u2019accompagnement des enfants"},"content":{"rendered":"<div readability=\"40\">\n<p>Marrakech \u2013 La ministre de la Solidarit\u00e9, du D\u00e9veloppement Social, de l\u2019Egalit\u00e9 et de la Famille, Mme Jamila El Moussali, a visit\u00e9, vendredi \u00e0 Marrakech, le Centre d\u2019Accompagnement pour la Protection de l\u2019Enfance (CAPE).<\/p>\n<\/div>\n<div readability=\"117\">\n<p>\u00ab\u00a0Ce centre joue un r\u00f4le important dans l\u2019accompagnement des enfants de moins de 18 ans, notamment ceux victimes d\u2019abus, de violences, d\u2019exploitation ou de n\u00e9gligence\u00a0\u00bb, a soulign\u00e9 Mme El Moussali dans une d\u00e9claration \u00e0 la MAP, rappelant que le CAPE de Marrakech a \u00e9t\u00e9 cr\u00e9\u00e9 apr\u00e8s ceux de Tanger et de Sal\u00e9.<\/p>\n<p>Le centre s\u2019inscrit dans le cadre de la premi\u00e8re phase du programme \u00ab\u00a0Ouladna\u00a0\u00bb (Nos enfants) qui a pour objectif de mettre en place le m\u00e9canisme territorial int\u00e9gr\u00e9 de protection de l\u2019enfance dans huit villes \u00e0 savoir : Rabat, Sal\u00e9, Agadir, Casablanca, Tanger, Marrakech, Mekn\u00e8s et La\u00e2youne, a expliqu\u00e9 la ministre, qui a \u00e9t\u00e9 accompagn\u00e9e notamment, du Directeur g\u00e9n\u00e9ral de la MAP, M. Khalil Hachimi Idrissi, ainsi que d\u2019autres personnalit\u00e9s.<\/p>\n<p>Et de pr\u00e9ciser que l\u2019objectif du programme \u00ab\u00a0Ouladna\u00a0\u00bb est de renforcer le syst\u00e8me de protection de l\u2019enfance au niveau r\u00e9gional, \u00e0 travers les services du suivi, de la protection judiciaire, de la sant\u00e9, de l\u2019assistance sociale, de la r\u00e9adaptation, de l\u2019\u00e9ducation, de la formation et de l\u2019\u00e9valuation.<\/p>\n<p>Pour sa part, le coordinateur du CAPE \u00e0 Marrakech, M. Mohamed Rida Fahmi, a indiqu\u00e9 que le Centre a pour objectif d\u2019assurer la protection de l\u2019enfance contre toutes les formes de violence, en partenariat avec l\u2019Entraide Nationale, les Institutions partenaires gouvernementales et non-gouvernementales, et les acteurs de la soci\u00e9t\u00e9 civile.<\/p>\n<p>Dans une d\u00e9claration similaire, M. Fahmi a relev\u00e9 que le centre fournit un ensemble de services de base, tels que la prise en charge juridique et psychologique, l\u2019accompagnement des familles \u00e0 travers des projets destin\u00e9s aux enfants en situation difficile, ainsi que des interventions sur le terrain.<\/p>\n<p>Dans ce contexte, il a relev\u00e9 que cette structure a jou\u00e9 un r\u00f4le important pendant la p\u00e9riode de la pand\u00e9mie du nouveau coronavirus (Covid-19), qui a donn\u00e9 lieu \u00e0 des ph\u00e9nom\u00e8nes sociaux ayant n\u00e9cessit\u00e9 l\u2019intervention du Centre d\u2019accompagnement pour la protection de l\u2019enfance pour y faire face et trouver des solutions.<\/p>\n<p>Le Centre offre ses services aux enfants de moins de 18 ans notamment, ceux victimes d\u2019abus, de violence, d\u2019exploitation ou de n\u00e9gligence. Il accueille \u00e9galement les enfants en situation de pr\u00e9carit\u00e9 ou sans abri, ainsi que les jeunes d\u00e9linquants plac\u00e9s dans des centres d\u2019\u00e9ducation, outre les enfants immigr\u00e9s non accompagn\u00e9s.<\/p>\n<p>Il fournit l\u2019assistance technique \u00e0 la commission provinciale de la protection de l\u2019enfance, notamment \u00e0 travers l\u2019\u00e9laboration de plans d\u2019action provinciaux de protection de l\u2019enfance, apporte des services de protection sociale, notamment l\u2019accueil, l\u2019\u00e9coute, l\u2019\u00e9valuation des dangers, l\u2019orientation et l\u2019accompagnement des b\u00e9n\u00e9ficiaires, la collecte d\u2019informations et l\u2019\u00e9laboration de rapports.<\/p>\n<\/div>\n<p>Auteur: Meriem IGASS<br \/>\n<a href=\"http:\/\/www.mapmarrakech.ma\/fr\/mme-el-moussali-visite-le-centre-daccompagnement-des-enfants\/\">Cliquez ici pour lire l&rsquo;article depuis sa source.<\/a><\/p>\n","protected":false},"excerpt":{"rendered":"<p>Marrakech \u2013 La ministre de la Solidarit\u00e9, du D\u00e9veloppement Social, de l\u2019Egalit\u00e9 et de la Famille, Mme Jamila El Moussali, a visit\u00e9, vendredi \u00e0 Marrakech, le Centre d\u2019Accompagnement pour la Protection de l\u2019Enfance (CAPE). \u00ab\u00a0Ce centre joue un r\u00f4le important dans l\u2019accompagnement des enfants de moins de 18 ans, notamment ceux victimes d\u2019abus, de violences, [&hellip;]<\/p>\n","protected":false},"author":1788,"featured_media":0,"comment_status":"closed","ping_status":"closed","sticky":false,"template":"","format":"standard","meta":{"fifu_image_url":"","fifu_image_alt":"","footnotes":""},"categories":[54,76],"tags":[],"class_list":["post-111117","post","type-post","status-publish","format-standard","hentry","category-maroc","category-regions"],"_links":{"self":[{"href":"https:\/\/linitiative.ca\/International\/wp-json\/wp\/v2\/posts\/111117","targetHints":{"allow":["GET"]}}],"collection":[{"href":"https:\/\/linitiative.ca\/International\/wp-json\/wp\/v2\/posts"}],"about":[{"href":"https:\/\/linitiative.ca\/International\/wp-json\/wp\/v2\/types\/post"}],"author":[{"embeddable":true,"href":"https:\/\/linitiative.ca\/International\/wp-json\/wp\/v2\/users\/1788"}],"replies":[{"embeddable":true,"href":"https:\/\/linitiative.ca\/International\/wp-json\/wp\/v2\/comments?post=111117"}],"version-history":[{"count":0,"href":"https:\/\/linitiative.ca\/International\/wp-json\/wp\/v2\/posts\/111117\/revisions"}],"wp:attachment":[{"href":"https:\/\/linitiative.ca\/International\/wp-json\/wp\/v2\/media?parent=111117"}],"wp:term":[{"taxonomy":"category","embeddable":true,"href":"https:\/\/linitiative.ca\/International\/wp-json\/wp\/v2\/categories?post=111117"},{"taxonomy":"post_tag","embeddable":true,"href":"https:\/\/linitiative.ca\/International\/wp-json\/wp\/v2\/tags?post=111117"}],"curies":[{"name":"wp","href":"https:\/\/api.w.org\/{rel}","templated":true}]}}