{"id":111118,"date":"2021-02-12T12:48:14","date_gmt":"2021-02-12T17:48:14","guid":{"rendered":"https:\/\/linitiative.ca\/International\/coronavirus-496-nouveaux-cas-et-1-112-103-personnes-vaccinees\/"},"modified":"2021-02-12T12:48:14","modified_gmt":"2021-02-12T17:48:14","slug":"coronavirus-496-nouveaux-cas-et-1-112-103-personnes-vaccinees","status":"publish","type":"post","link":"https:\/\/linitiative.ca\/International\/coronavirus-496-nouveaux-cas-et-1-112-103-personnes-vaccinees\/","title":{"rendered":"Coronavirus: 496 nouveaux cas et 1.112.103 personnes vaccin\u00e9es"},"content":{"rendered":"<div readability=\"38\">\n<p>Un total de 496 nouveaux cas d\u2019infection au coronavirus et de 631 gu\u00e9risons a \u00e9t\u00e9 enregistr\u00e9 au cours des derni\u00e8res 24 heures au Maroc, a annonc\u00e9, vendredi, le minist\u00e8re de la Sant\u00e9, soulignant que 1.112.103 personnes ont \u00e9t\u00e9 vaccin\u00e9es jusqu\u2019\u00e0 ce jour.<\/p>\n<\/div>\n<div readability=\"71\">\n<p>Le nouveau bilan porte \u00e0 477.656 le nombre total des contaminations depuis le premier cas signal\u00e9 en mars dernier et \u00e0 457.956 celui des personnes r\u00e9tablies, soit un taux de gu\u00e9rison de 96%, a pr\u00e9cis\u00e9 le minist\u00e8re dans son bulletin quotidien sur la situation de la Covid-19.<\/p>\n<p>Le nombre total des d\u00e9c\u00e8s est pass\u00e9 \u00e0 8.450, avec 10 nouveaux cas recens\u00e9s en 24 heures, soit un taux de l\u00e9talit\u00e9 de 1,8%, a relev\u00e9 la m\u00eame source.<\/p>\n<p>Les cas de d\u00e9c\u00e8s ont \u00e9t\u00e9 enregistr\u00e9s dans les r\u00e9gions de Casablanca-Settat (3), Dr\u00e2a-Tafilalet (3), Tanger-T\u00e9touan-Al Hoceima (1), l\u2019Oriental (1), Souss-Massa (1) et F\u00e8s-Mekn\u00e8s (1).<\/p>\n<p>Les nouveaux cas de contamination ont \u00e9t\u00e9 recens\u00e9s dans les r\u00e9gions de Casablanca-Settat (214), Tanger-T\u00e9touan-Al Hoceima (74), l\u2019Oriental (63), Rabat-Sal\u00e9-K\u00e9nitra (38), Souss-Massa (29), Dr\u00e2a-Tafilalet (15), La\u00e2youne-Sakia Al Hamra (10), Marrakech-Safi (28), Dakhla-Oued Eddahab (9), F\u00e8s-Mekn\u00e8s (8), Beni Mellal-Kh\u00e9nifra (7) et Gu\u00e9lmim-Oued Noun (1).<\/p>\n<p>Le nombre des cas actifs s\u2019\u00e9l\u00e8ve \u00e0 11.250, alors que les cas s\u00e9v\u00e8res ou critiques sont au nombre de 501, dont 32 plac\u00e9s sous intubation, d\u2019apr\u00e8s le minist\u00e8re.<\/p>\n<\/div>\n<p>Auteur: Meriem IGASS<br \/>\n<a href=\"http:\/\/www.mapmarrakech.ma\/fr\/coronavirus-496-nouveaux-cas-et-1-112-103-personnes-vaccinees\/\">Cliquez ici pour lire l&rsquo;article depuis sa source.<\/a><\/p>\n","protected":false},"excerpt":{"rendered":"<p>Un total de 496 nouveaux cas d\u2019infection au coronavirus et de 631 gu\u00e9risons a \u00e9t\u00e9 enregistr\u00e9 au cours des derni\u00e8res 24 heures au Maroc, a annonc\u00e9, vendredi, le minist\u00e8re de la Sant\u00e9, soulignant que 1.112.103 personnes ont \u00e9t\u00e9 vaccin\u00e9es jusqu\u2019\u00e0 ce jour. Le nouveau bilan porte \u00e0 477.656 le nombre total des contaminations depuis le [&hellip;]<\/p>\n","protected":false},"author":1788,"featured_media":0,"comment_status":"closed","ping_status":"closed","sticky":false,"template":"","format":"standard","meta":{"fifu_image_url":"","fifu_image_alt":"","footnotes":""},"categories":[54,76],"tags":[],"class_list":["post-111118","post","type-post","status-publish","format-standard","hentry","category-maroc","category-regions"],"_links":{"self":[{"href":"https:\/\/linitiative.ca\/International\/wp-json\/wp\/v2\/posts\/111118","targetHints":{"allow":["GET"]}}],"collection":[{"href":"https:\/\/linitiative.ca\/International\/wp-json\/wp\/v2\/posts"}],"about":[{"href":"https:\/\/linitiative.ca\/International\/wp-json\/wp\/v2\/types\/post"}],"author":[{"embeddable":true,"href":"https:\/\/linitiative.ca\/International\/wp-json\/wp\/v2\/users\/1788"}],"replies":[{"embeddable":true,"href":"https:\/\/linitiative.ca\/International\/wp-json\/wp\/v2\/comments?post=111118"}],"version-history":[{"count":0,"href":"https:\/\/linitiative.ca\/International\/wp-json\/wp\/v2\/posts\/111118\/revisions"}],"wp:attachment":[{"href":"https:\/\/linitiative.ca\/International\/wp-json\/wp\/v2\/media?parent=111118"}],"wp:term":[{"taxonomy":"category","embeddable":true,"href":"https:\/\/linitiative.ca\/International\/wp-json\/wp\/v2\/categories?post=111118"},{"taxonomy":"post_tag","embeddable":true,"href":"https:\/\/linitiative.ca\/International\/wp-json\/wp\/v2\/tags?post=111118"}],"curies":[{"name":"wp","href":"https:\/\/api.w.org\/{rel}","templated":true}]}}