{"id":111121,"date":"2021-02-12T08:01:01","date_gmt":"2021-02-12T13:01:01","guid":{"rendered":"https:\/\/linitiative.ca\/International\/une-2e-edition-numerique-pour-le-salon-du-livre-usage-doujda\/"},"modified":"2021-02-12T08:01:01","modified_gmt":"2021-02-12T13:01:01","slug":"une-2e-edition-numerique-pour-le-salon-du-livre-usage-doujda","status":"publish","type":"post","link":"https:\/\/linitiative.ca\/International\/une-2e-edition-numerique-pour-le-salon-du-livre-usage-doujda\/","title":{"rendered":"Une 2\u00e8 \u00e9dition num\u00e9rique pour le Salon du livre usag\u00e9 d\u2019Oujda"},"content":{"rendered":"<div class=\"single-featured\"><img alt=\"\" data-src=\"http:\/\/www.mapoujda.ma\/map\/uploads\/2021\/02\/Affiche-du-Salon-du-livre-usag&#xE9;-750&#xD7;430-DR.jpg\"\/><\/div>\n<div class=\"entry-content clearfix single-post-content\" readability=\"49\">\n<p class=\"c4\">L\u2019Association Pionniers du changement pour le d\u00e9veloppement et la culture organise, depuis le 10 et jusqu\u2019au 13 f\u00e9vrier courant sous format num\u00e9rique, la deuxi\u00e8me \u00e9dition du Salon du livre usag\u00e9 d\u2019Oujda.<\/p>\n<p class=\"c4\">Cet \u00e9v\u00e8nement, organis\u00e9 en partenariat avec le d\u00e9partement de la Culture, porte, outre la vente en ligne de livres d\u2019occasion, sur diff\u00e9rentes activit\u00e9s, notamment une conf\u00e9rence sur le th\u00e8me \u00abL\u2019actualit\u00e9 culturelle au temps du coronavirus\u00bb et une table-ronde des jeunes sous le th\u00e8me \u00abLes centres culturels dans la r\u00e9gion de l\u2019Oriental et leur r\u00f4le dans la promotion de la lecture\u00bb<\/p>\n<p class=\"c4\">Ces activit\u00e9s sont transmises sur le site \u00abwww.sluo.ma\u00bb ainsi que sur la page Facebook de l\u2019Association Pionniers du changement.<\/p>\n<\/div>\n<p>Auteur: Soufiane ELAHMAR<br \/>\n<a href=\"http:\/\/www.mapoujda.ma\/fr\/une-2e-edition-numerique-pour-le-salon-du-livre-usage-doujda\/\">Cliquez ici pour lire l&rsquo;article depuis sa source.<\/a><\/p>\n","protected":false},"excerpt":{"rendered":"<p>L\u2019Association Pionniers du changement pour le d\u00e9veloppement et la culture organise, depuis le 10 et jusqu\u2019au 13 f\u00e9vrier courant sous format num\u00e9rique, la deuxi\u00e8me \u00e9dition du Salon du livre usag\u00e9 d\u2019Oujda. Cet \u00e9v\u00e8nement, organis\u00e9 en partenariat avec le d\u00e9partement de la Culture, porte, outre la vente en ligne de livres d\u2019occasion, sur diff\u00e9rentes activit\u00e9s, notamment [&hellip;]<\/p>\n","protected":false},"author":1788,"featured_media":0,"comment_status":"closed","ping_status":"closed","sticky":false,"template":"","format":"standard","meta":{"fifu_image_url":"http:\/\/www.mapoujda.ma\/map\/uploads\/2021\/02\/Affiche-du-Salon-du-livre-usag\u00e9-750\u00d7430-DR.jpg","fifu_image_alt":"Une 2\u00e8 \u00e9dition num\u00e9rique pour le Salon du livre usag\u00e9 d\u2019Oujda","footnotes":""},"categories":[54,76],"tags":[],"class_list":["post-111121","post","type-post","status-publish","format-standard","hentry","category-maroc","category-regions"],"_links":{"self":[{"href":"https:\/\/linitiative.ca\/International\/wp-json\/wp\/v2\/posts\/111121","targetHints":{"allow":["GET"]}}],"collection":[{"href":"https:\/\/linitiative.ca\/International\/wp-json\/wp\/v2\/posts"}],"about":[{"href":"https:\/\/linitiative.ca\/International\/wp-json\/wp\/v2\/types\/post"}],"author":[{"embeddable":true,"href":"https:\/\/linitiative.ca\/International\/wp-json\/wp\/v2\/users\/1788"}],"replies":[{"embeddable":true,"href":"https:\/\/linitiative.ca\/International\/wp-json\/wp\/v2\/comments?post=111121"}],"version-history":[{"count":0,"href":"https:\/\/linitiative.ca\/International\/wp-json\/wp\/v2\/posts\/111121\/revisions"}],"wp:attachment":[{"href":"https:\/\/linitiative.ca\/International\/wp-json\/wp\/v2\/media?parent=111121"}],"wp:term":[{"taxonomy":"category","embeddable":true,"href":"https:\/\/linitiative.ca\/International\/wp-json\/wp\/v2\/categories?post=111121"},{"taxonomy":"post_tag","embeddable":true,"href":"https:\/\/linitiative.ca\/International\/wp-json\/wp\/v2\/tags?post=111121"}],"curies":[{"name":"wp","href":"https:\/\/api.w.org\/{rel}","templated":true}]}}