{"id":111122,"date":"2021-02-12T08:13:38","date_gmt":"2021-02-12T13:13:38","guid":{"rendered":"https:\/\/linitiative.ca\/International\/linguistique-et-culture-theme-dun-congres-international-a-nador\/"},"modified":"2021-02-12T08:13:38","modified_gmt":"2021-02-12T13:13:38","slug":"linguistique-et-culture-theme-dun-congres-international-a-nador","status":"publish","type":"post","link":"https:\/\/linitiative.ca\/International\/linguistique-et-culture-theme-dun-congres-international-a-nador\/","title":{"rendered":"Linguistique et culture, th\u00e8me d\u2019un Congr\u00e8s international \u00e0 Nador"},"content":{"rendered":"<div class=\"single-featured\"><img alt=\"\" data-src=\"http:\/\/www.mapoujda.ma\/map\/uploads\/2021\/02\/Facult&#xE9;-pluridisciplinaire-de-Nador.jpg\"\/><\/div>\n<div class=\"entry-content clearfix single-post-content\" readability=\"53\">\n<p class=\"c4\">Le d\u00e9partement des \u00e9tudes hispaniques \u00e0 la Facult\u00e9 pluridisciplinaire de Nador organisera les 10 et 11 mars prochain le 1er Congr\u00e8s international \u00abLinguistique, culture et traduction : Nouvelles perspectives\u00bb.<\/p>\n<p class=\"c4\">Cette rencontre, organis\u00e9e en collaboration avec l\u2019Institut Cervant\u00e8s de F\u00e8s, est destin\u00e9e aux professeurs universitaires et chercheurs sp\u00e9cialis\u00e9s dans les domaines de la linguistique th\u00e9orique et appliqu\u00e9e, la culture, la traduction et l\u2019enseignement des langues \u00e9trang\u00e8res.<\/p>\n<p class=\"c4\">Selon un document des organisateurs, cette rencontre vise \u00e0 permettre l\u2019\u00e9change des exp\u00e9riences et des r\u00e9sultats des recherches sur la linguistique th\u00e9orique et appliqu\u00e9e et d\u00e9battre des nouvelles perspectives th\u00e9oriques et m\u00e9thodologiques dans ces domaines.<\/p>\n<p class=\"c4\">Cet \u00e9v\u00e8nement a pour objectif principal d\u2019approfondir la r\u00e9flexion sur les d\u00e9fis et probl\u00e8mes li\u00e9s \u00e0 la recherche linguistique en g\u00e9n\u00e9ral, et en particulier en mati\u00e8re de traduction et d\u2019enseignement des langues \u00e9trang\u00e8res dans le cadre acad\u00e9mique et professionnel.<\/p>\n<\/div>\n<p>Auteur: Soufiane ELAHMAR<br \/>\n<a href=\"http:\/\/www.mapoujda.ma\/fr\/linguistique-et-culture-theme-dun-congres-international-a-nador\/\">Cliquez ici pour lire l&rsquo;article depuis sa source.<\/a><\/p>\n","protected":false},"excerpt":{"rendered":"<p>Le d\u00e9partement des \u00e9tudes hispaniques \u00e0 la Facult\u00e9 pluridisciplinaire de Nador organisera les 10 et 11 mars prochain le 1er Congr\u00e8s international \u00abLinguistique, culture et traduction : Nouvelles perspectives\u00bb. Cette rencontre, organis\u00e9e en collaboration avec l\u2019Institut Cervant\u00e8s de F\u00e8s, est destin\u00e9e aux professeurs universitaires et chercheurs sp\u00e9cialis\u00e9s dans les domaines de la linguistique th\u00e9orique et [&hellip;]<\/p>\n","protected":false},"author":1788,"featured_media":0,"comment_status":"closed","ping_status":"closed","sticky":false,"template":"","format":"standard","meta":{"fifu_image_url":"http:\/\/www.mapoujda.ma\/map\/uploads\/2021\/02\/Facult\u00e9-pluridisciplinaire-de-Nador.jpg","fifu_image_alt":"Linguistique et culture, th\u00e8me d\u2019un Congr\u00e8s international \u00e0 Nador","footnotes":""},"categories":[54,76],"tags":[],"class_list":["post-111122","post","type-post","status-publish","format-standard","hentry","category-maroc","category-regions"],"_links":{"self":[{"href":"https:\/\/linitiative.ca\/International\/wp-json\/wp\/v2\/posts\/111122","targetHints":{"allow":["GET"]}}],"collection":[{"href":"https:\/\/linitiative.ca\/International\/wp-json\/wp\/v2\/posts"}],"about":[{"href":"https:\/\/linitiative.ca\/International\/wp-json\/wp\/v2\/types\/post"}],"author":[{"embeddable":true,"href":"https:\/\/linitiative.ca\/International\/wp-json\/wp\/v2\/users\/1788"}],"replies":[{"embeddable":true,"href":"https:\/\/linitiative.ca\/International\/wp-json\/wp\/v2\/comments?post=111122"}],"version-history":[{"count":0,"href":"https:\/\/linitiative.ca\/International\/wp-json\/wp\/v2\/posts\/111122\/revisions"}],"wp:attachment":[{"href":"https:\/\/linitiative.ca\/International\/wp-json\/wp\/v2\/media?parent=111122"}],"wp:term":[{"taxonomy":"category","embeddable":true,"href":"https:\/\/linitiative.ca\/International\/wp-json\/wp\/v2\/categories?post=111122"},{"taxonomy":"post_tag","embeddable":true,"href":"https:\/\/linitiative.ca\/International\/wp-json\/wp\/v2\/tags?post=111122"}],"curies":[{"name":"wp","href":"https:\/\/api.w.org\/{rel}","templated":true}]}}