{"id":111123,"date":"2021-02-12T08:28:37","date_gmt":"2021-02-12T13:28:37","guid":{"rendered":"https:\/\/linitiative.ca\/International\/lindh-apporte-un-appui-salutaire-pour-linsertion-economique-des-jeunes\/"},"modified":"2021-02-12T08:28:37","modified_gmt":"2021-02-12T13:28:37","slug":"lindh-apporte-un-appui-salutaire-pour-linsertion-economique-des-jeunes","status":"publish","type":"post","link":"https:\/\/linitiative.ca\/International\/lindh-apporte-un-appui-salutaire-pour-linsertion-economique-des-jeunes\/","title":{"rendered":"l\u2019INDH apporte un appui salutaire pour l\u2019insertion \u00e9conomique des jeunes"},"content":{"rendered":"<p class=\"c4\">L\u2019Initiative nationale pour le d\u00e9veloppement humain (INDH) assure un accompagnement et une assistance salutaires pour l\u2019encouragement de l\u2019entrepreneuriat et l\u2019am\u00e9lioration de l\u2019employabilit\u00e9 des jeunes de la province de Guercif.<\/p>\n<p class=\"c4\">L\u2019int\u00e9r\u00eat accord\u00e9 aux jeunes, conform\u00e9ment aux Hautes orientations royales, a pris une nouvelle dimension avec la cr\u00e9ation en d\u00e9cembre dernier \u00e0 Guercif d\u2019une plateforme d\u00e9di\u00e9e \u00e0 cette frange, et ce dans le cadre du programme \u00abAm\u00e9lioration du revenu et inclusion \u00e9conomique des jeunes\u00bb de la troisi\u00e8me phase de l\u2019INDH.<\/p>\n<p class=\"c4\">Nombreux sont les jeunes et les dipl\u00f4m\u00e9s de la province qui visitent les espaces de cette structure pour tirer profit de ses services et de son appui, notamment en termes d\u2019accompagnement, de formation et de renforcement des comp\u00e9tences.<\/p>\n<p class=\"c4\">Cette plateforme qui est dot\u00e9e d\u2019un espace d\u2019accueil et d\u2019orientation, un espace d\u2019aide \u00e0 l\u2019employabilit\u00e9, un espace d\u2019appui \u00e0 l\u2019entrepreneuriat, un espace d\u2019am\u00e9lioration du revenu et un espace de formations et de stages, accueille depuis son ouverture un nombre croissant de jeunes, a fait savoir le Chef de la Division de l\u2019action sociale (DAS) \u00e0 la pr\u00e9fecture de la province de Guercif, Hassan Kara.<\/p>\n<p class=\"c4\">Il a pr\u00e9cis\u00e9 dans une d\u00e9claration \u00e0 la Map, que le nombre des jeunes d\u00e9j\u00e0 enregistr\u00e9 au niveau de l\u2019espace \u00ab\u00a0Appui \u00e0 l\u2019entreprenariat\u00a0\u00bb s\u2019\u00e9l\u00e8ve \u00e0 260, tandis que pas moins de 80 autres sont inscrits au niveau de l\u2019espace \u00ab\u00a0Aide \u00e0 l\u2019employabilit\u00e9\u00a0\u00bb, affirmant dans ce sens que des sessions de formations et de renforcement des comp\u00e9tences sont en cours aussi bien pour les jeunes en qu\u00eate d\u2019emploi que pour les jeunes porteurs d\u2019id\u00e9es ou de projets novateurs.<\/p>\n<p class=\"c4\">Notant que l\u2019objectif premier de la plateforme est d\u2019encourager l\u2019entrepreneuriat des jeunes et d\u2019am\u00e9liorer leur employabilit\u00e9, M. Kara a rappel\u00e9 que des conventions de partenariat ont \u00e9t\u00e9 sign\u00e9es entre le comit\u00e9 provincial de d\u00e9veloppement humain, l\u2019association Al Wassit pour l\u2019encadrement et l\u2019accompagnement des porteurs de projets, et l\u2019Anapec, pour la r\u00e9alisation des diff\u00e9rentes composantes du programme \u00ab\u00a0Am\u00e9lioration du revenu et inclusion \u00e9conomique des jeunes\u00a0\u00bb.<\/p>\n<p class=\"c4\">L\u2019objectif \u00e9tant de promouvoir l\u2019employabilit\u00e9 des jeunes par le biais de la formation technique et le renforcement des comp\u00e9tences personnelles, et l\u2019encouragement de l\u2019esprit d\u2019entrepreneuriat chez les jeunes en mettant \u00e0 disposition les m\u00e9canismes d\u2019appui technique et financier avant et apr\u00e8s la cr\u00e9ation de l\u2019entreprise, a-t-il insist\u00e9.<\/p>\n<p class=\"c4\">De son c\u00f4t\u00e9, Fatima Z., qui porte l\u2019id\u00e9e de r\u00e9alisation d\u2019un projet de recyclage des d\u00e9chets du textile a affirm\u00e9 qu\u2019elle a trouv\u00e9 dans cette structure ce dont elle avait besoin pour concr\u00e9tiser son r\u00eave, \u00e0 savoir une formation cibl\u00e9e permettant d\u2019acqu\u00e9rir les comp\u00e9tences et les aptitudes n\u00e9cessaires pour cr\u00e9er le projet avec un financement de l\u2019INDH et assurer sa r\u00e9ussite.<\/p>\n<p class=\"c4\">Quant \u00e0 Hicham N., un jeune qui g\u00e8re un ambitieux projet de livraison \u00ab\u00a0Natssakharlik\u00a0\u00bb, a fait savoir qu\u2019il a d\u00e9pos\u00e9 son dossier aupr\u00e8s de la plateforme pour b\u00e9n\u00e9ficier des services et de l\u2019appui qui y sont dispens\u00e9s afin de d\u00e9velopper davantage son projet et ses activit\u00e9s.<\/p>\n<p class=\"c4\">Il a salu\u00e9 par l\u2019occasion la cr\u00e9ation de cette plateforme dans cette province de la r\u00e9gion de l\u2019Oriental, en ce sens qu\u2019elle offre une pr\u00e9cieuse opportunit\u00e9 aux jeunes d\u00e9sireux de monter leur propre projet ou d\u2019int\u00e9grer le march\u00e9 de l\u2019emploi.<\/p>\n<p>Auteur: Soufiane ELAHMAR<br \/>\n<a href=\"http:\/\/www.mapoujda.ma\/fr\/lindh-apporte-un-appui-salutaire-pour-linsertion-economique-des-jeunes\/\">Cliquez ici pour lire l&rsquo;article depuis sa source.<\/a><\/p>\n","protected":false},"excerpt":{"rendered":"<p>L\u2019Initiative nationale pour le d\u00e9veloppement humain (INDH) assure un accompagnement et une assistance salutaires pour l\u2019encouragement de l\u2019entrepreneuriat et l\u2019am\u00e9lioration de l\u2019employabilit\u00e9 des jeunes de la province de Guercif. L\u2019int\u00e9r\u00eat accord\u00e9 aux jeunes, conform\u00e9ment aux Hautes orientations royales, a pris une nouvelle dimension avec la cr\u00e9ation en d\u00e9cembre dernier \u00e0 Guercif d\u2019une plateforme d\u00e9di\u00e9e \u00e0 [&hellip;]<\/p>\n","protected":false},"author":1788,"featured_media":0,"comment_status":"closed","ping_status":"closed","sticky":false,"template":"","format":"standard","meta":{"fifu_image_url":"","fifu_image_alt":"","footnotes":""},"categories":[54,76],"tags":[],"class_list":["post-111123","post","type-post","status-publish","format-standard","hentry","category-maroc","category-regions"],"_links":{"self":[{"href":"https:\/\/linitiative.ca\/International\/wp-json\/wp\/v2\/posts\/111123","targetHints":{"allow":["GET"]}}],"collection":[{"href":"https:\/\/linitiative.ca\/International\/wp-json\/wp\/v2\/posts"}],"about":[{"href":"https:\/\/linitiative.ca\/International\/wp-json\/wp\/v2\/types\/post"}],"author":[{"embeddable":true,"href":"https:\/\/linitiative.ca\/International\/wp-json\/wp\/v2\/users\/1788"}],"replies":[{"embeddable":true,"href":"https:\/\/linitiative.ca\/International\/wp-json\/wp\/v2\/comments?post=111123"}],"version-history":[{"count":0,"href":"https:\/\/linitiative.ca\/International\/wp-json\/wp\/v2\/posts\/111123\/revisions"}],"wp:attachment":[{"href":"https:\/\/linitiative.ca\/International\/wp-json\/wp\/v2\/media?parent=111123"}],"wp:term":[{"taxonomy":"category","embeddable":true,"href":"https:\/\/linitiative.ca\/International\/wp-json\/wp\/v2\/categories?post=111123"},{"taxonomy":"post_tag","embeddable":true,"href":"https:\/\/linitiative.ca\/International\/wp-json\/wp\/v2\/tags?post=111123"}],"curies":[{"name":"wp","href":"https:\/\/api.w.org\/{rel}","templated":true}]}}