{"id":111124,"date":"2021-02-12T05:10:46","date_gmt":"2021-02-12T10:10:46","guid":{"rendered":"https:\/\/linitiative.ca\/International\/mdiq-fnideq-tetouan-400-mdh-pour-le-developpement-economique-et-social\/"},"modified":"2021-02-12T05:10:46","modified_gmt":"2021-02-12T10:10:46","slug":"mdiq-fnideq-tetouan-400-mdh-pour-le-developpement-economique-et-social","status":"publish","type":"post","link":"https:\/\/linitiative.ca\/International\/mdiq-fnideq-tetouan-400-mdh-pour-le-developpement-economique-et-social\/","title":{"rendered":"M\u2019diq-Fnideq\/T\u00e9touan: 400 MDH pour le d\u00e9veloppement \u00e9conomique et social"},"content":{"rendered":"<p class=\"rtejustify\">Une enveloppe budg\u00e9taire d&rsquo;environ 400 millions de dirhams (MDH) a \u00e9t\u00e9 allou\u00e9e pour la r\u00e9alisation d&rsquo;une s\u00e9rie de projets, dans le cadre du Programme int\u00e9gr\u00e9 de d\u00e9veloppement \u00e9conomique et social de la pr\u00e9fecture de M\u2019diq-Fnideq et la province de T\u00e9touan.<\/p>\n<p class=\"rtejustify\">Ce programme, dont les grandes lignes ont \u00e9t\u00e9 pr\u00e9sent\u00e9es mardi lors d&rsquo;une r\u00e9union consacr\u00e9e \u00e0 l&rsquo;examen des moyens de relancer l&rsquo;activit\u00e9 \u00e9conomique dans la r\u00e9gion, pr\u00e9sid\u00e9e par le Wali de la r\u00e9gion Tanger-T\u00e9touan-Al Hoceima, Mohamed Mhidia, vise \u00e0 promouvoir l&rsquo;investissement, en vue de cr\u00e9er des opportunit\u00e9s d&#8217;emploi et d&rsquo;am\u00e9liorer les conditions \u00e9conomiques et sociales de la population, en particulier des femmes et des jeunes.<\/p>\n<p class=\"rtejustify\">Il ambitionne \u00e9galement de consolider les acquis de l&rsquo;int\u00e9gration \u00e9conomique r\u00e9alis\u00e9s et de continuer \u00e0 les d\u00e9velopper, en s&rsquo;appuyant sur des projets int\u00e9gr\u00e9s pour am\u00e9liorer les conditions sociales des citoyens dans la province de T\u00e9touan et la pr\u00e9fecture de M&rsquo;diq-Fnideq. Les projets \u00e9tablis dans le cadre de ce programme sont r\u00e9partis sur trois axes principaux, \u00e0 savoir la cr\u00e9ation d&rsquo;une zone d&rsquo;activit\u00e9s \u00e9conomiques sur le territoire de la commune de Fnideq, le d\u00e9veloppement d&rsquo;un m\u00e9canisme d&rsquo;incitation financi\u00e8re pour attirer les investissements dans les zones d&rsquo;activit\u00e9s \u00e9conomiques \u00ab\u00a0T\u00e9touan Parc\u00a0\u00bb et \u00ab\u00a0T\u00e9touan Shore\u00a0\u00bb, ainsi que la cr\u00e9ation d&rsquo;initiatives \u00e9conomiques incitatives pour accompagner le tissu entrepreneurial dans un cadre structur\u00e9 et am\u00e9liorer la capacit\u00e9 des femmes et des jeunes \u00e0 int\u00e9grer le march\u00e9 du travail.<\/p>\n<p class=\"rtejustify\">L&rsquo;enveloppe budg\u00e9taire d\u00e9di\u00e9e au programme est mobilis\u00e9e dans le cadre d&rsquo;un partenariat entre le minist\u00e8re de l&rsquo;Int\u00e9rieur (80 MDH), le minist\u00e8re de l&rsquo;Economie, des finances et de la r\u00e9forme de l&rsquo;administration (190 MDH), le minist\u00e8re de l&rsquo;Industrie, du commerce, de l&rsquo;\u00e9conomie verte et num\u00e9rique (40 MDH), le Conseil de la r\u00e9gion Tanger-T\u00e9touan Al-Hoceima (80 MDH) et l&rsquo;Agence pour la promotion et le d\u00e9veloppement du Nord (10 MDH).<\/p>\n<p class=\"rtejustify\">Ce programme a \u00e9t\u00e9 lanc\u00e9 de mani\u00e8re effective en mars 2020, \u00e0 travers la signature de la convention-cadre li\u00e9e audit programme et de l&rsquo;accord relatif \u00e0 la premi\u00e8re tranche de la zone d&rsquo;activit\u00e9s \u00e9conomiques de Fnideq, qui s&rsquo;\u00e9tend sur une superficie de 10 hectares et devra comporter 33 magasins de stockage des marchandises import\u00e9es du port de Tanger Med, que ce soit pour \u00eatre export\u00e9es par la suite ou distribu\u00e9es sur le march\u00e9 int\u00e9rieur. Les travaux de r\u00e9alisation de cette zone \u00e9conomique, dont le co\u00fbt global s&rsquo;\u00e9l\u00e8ve \u00e0 environ 200 MDH, ont d\u00e9j\u00e0 commenc\u00e9. Apr\u00e8s que les \u00e9tudes aient \u00e9t\u00e9 finalis\u00e9es, les travaux de terrassement, de voirie, et de raccordement aux r\u00e9seaux d&rsquo;eau et d&rsquo;\u00e9lectricit\u00e9, d&rsquo;\u00e9clairage public et d&rsquo;assainissement ont \u00e9t\u00e9 entam\u00e9s. Concernant le renforcement de l&rsquo;offre d&rsquo;investissement dans la zone industrielle \u00ab\u00a0T\u00e9touan Park\u00a0\u00bb, des m\u00e9canismes sont en train d&rsquo;\u00eatre \u00e9tablis pour soutenir et encourager les investisseurs qui veulent investir dans la r\u00e9gion, \u00e0 travers la mise en place de toutes les facilit\u00e9s et incitations financi\u00e8res n\u00e9cessaires pour aider les investisseurs \u00e0 lancer des projets g\u00e9n\u00e9rateurs d&#8217;emplois.<\/p>\n<p class=\"rtejustify\">En ce qui concerne l&rsquo;axe li\u00e9 \u00e0 la cr\u00e9ation d&rsquo;initiatives \u00e9conomiques incitatives pour accompagner le tissu entrepreneurial dans un cadre structur\u00e9, et am\u00e9liorer la capacit\u00e9 des femmes et des jeunes \u00e0 int\u00e9grer le march\u00e9 du travail, un projet a \u00e9t\u00e9 mis en place en vue d&rsquo;am\u00e9liorer l&#8217;employabilit\u00e9 des b\u00e9n\u00e9ficiaires, \u00e0 travers des formations qualifiantes ou transformationnelles, le but \u00e9tant de leur permettre d&rsquo;acqu\u00e9rir de nouvelles comp\u00e9tences professionnelles, et ce afin de pourvoir les postes disponibles ou ceux potentiels, en plus de l&rsquo;encouragement de l&rsquo;entrepreneuriat, via l&rsquo;orientation, l&rsquo;accompagnement technique et le soutien financier des entrepreneurs.<\/p>\n<p class=\"rtejustify\">Ce programme devrait contribuer \u00e0 renforcer l&rsquo;impulsion \u00e9conomique de la province de T\u00e9touan et de la pr\u00e9fecture de M&rsquo;diq-Fnideq, et \u00e0 cr\u00e9er quelques milliers d&#8217;emplois au profit de la population locale, notamment les femmes et les jeunes.<\/p>\n<p class=\"rtejustify\"><strong>Avec MAP<\/strong><\/p>\n<p class=\"rtejustify\">\u00a0<\/p>\n<p>Auteur: mbasraoui<br \/>\n<a href=\"https:\/\/www.leconomiste.com\/flash-infos\/m-diq-fnideq-tetouan-400-mdh-pour-le-developpement-economique-et-social\">Cliquez ici pour lire l&rsquo;article depuis sa source.<\/a><\/p>\n","protected":false},"excerpt":{"rendered":"<p>Une enveloppe budg\u00e9taire d&rsquo;environ 400 millions de dirhams (MDH) a \u00e9t\u00e9 allou\u00e9e pour la r\u00e9alisation d&rsquo;une s\u00e9rie de projets, dans le cadre du Programme int\u00e9gr\u00e9 de d\u00e9veloppement \u00e9conomique et social de la pr\u00e9fecture de M\u2019diq-Fnideq et la province de T\u00e9touan. Ce programme, dont les grandes lignes ont \u00e9t\u00e9 pr\u00e9sent\u00e9es mardi lors d&rsquo;une r\u00e9union consacr\u00e9e \u00e0 [&hellip;]<\/p>\n","protected":false},"author":1763,"featured_media":0,"comment_status":"closed","ping_status":"closed","sticky":false,"template":"","format":"standard","meta":{"fifu_image_url":"","fifu_image_alt":"","footnotes":""},"categories":[78,54],"tags":[],"class_list":["post-111124","post","type-post","status-publish","format-standard","hentry","category-economie","category-maroc"],"_links":{"self":[{"href":"https:\/\/linitiative.ca\/International\/wp-json\/wp\/v2\/posts\/111124","targetHints":{"allow":["GET"]}}],"collection":[{"href":"https:\/\/linitiative.ca\/International\/wp-json\/wp\/v2\/posts"}],"about":[{"href":"https:\/\/linitiative.ca\/International\/wp-json\/wp\/v2\/types\/post"}],"author":[{"embeddable":true,"href":"https:\/\/linitiative.ca\/International\/wp-json\/wp\/v2\/users\/1763"}],"replies":[{"embeddable":true,"href":"https:\/\/linitiative.ca\/International\/wp-json\/wp\/v2\/comments?post=111124"}],"version-history":[{"count":0,"href":"https:\/\/linitiative.ca\/International\/wp-json\/wp\/v2\/posts\/111124\/revisions"}],"wp:attachment":[{"href":"https:\/\/linitiative.ca\/International\/wp-json\/wp\/v2\/media?parent=111124"}],"wp:term":[{"taxonomy":"category","embeddable":true,"href":"https:\/\/linitiative.ca\/International\/wp-json\/wp\/v2\/categories?post=111124"},{"taxonomy":"post_tag","embeddable":true,"href":"https:\/\/linitiative.ca\/International\/wp-json\/wp\/v2\/tags?post=111124"}],"curies":[{"name":"wp","href":"https:\/\/api.w.org\/{rel}","templated":true}]}}