{"id":111127,"date":"2021-02-12T11:01:43","date_gmt":"2021-02-12T16:01:43","guid":{"rendered":"https:\/\/linitiative.ca\/International\/facebook-appele-a-ne-pas-reautoriser-trump\/"},"modified":"2021-02-12T11:01:43","modified_gmt":"2021-02-12T16:01:43","slug":"facebook-appele-a-ne-pas-reautoriser-trump","status":"publish","type":"post","link":"https:\/\/linitiative.ca\/International\/facebook-appele-a-ne-pas-reautoriser-trump\/","title":{"rendered":"Facebook appel\u00e9 \u00e0 ne pas r\u00e9autoriser Trump"},"content":{"rendered":"<p class=\"rtejustify\">Une association particuli\u00e8rement critique \u00e0 l&rsquo;encontre de Facebook a appel\u00e9 vendredi le r\u00e9seau social, qui doit d\u00e9cider s&rsquo;il maintient ou non la suspension de Donald Trump, \u00e0 continuer \u00e0 bannir l&rsquo;ancien pr\u00e9sident am\u00e9ricain de la plateforme.<\/p>\n<p class=\"rtejustify\">Le conseil de surveillance ind\u00e9pendant du groupe re\u00e7oit jusqu&rsquo;\u00e0 ce vendredi des commentaires du public sur le sujet et devrait rendre son avis en avril. Ses membres peuvent approuver le blocage du compte pour une dur\u00e9e ind\u00e9termin\u00e9e, ou imposer \u00e0 Facebook de laisser revenir le milliardaire r\u00e9publicain \u00e9vinc\u00e9 apr\u00e8s les \u00e9meutes le 6 janvier au Capitole. \u00ab\u00a0Notre message est simple: annuler le bannissement de Trump serait une invitation \u00e0 la violence, \u00e0 la haine et \u00e0 la d\u00e9sinformation qui co\u00fbteront des vies et saperont la d\u00e9mocratie\u00a0\u00bb, \u00e9crit dans une lettre l&rsquo;association anti-Facebook, qui se fait ironiquement appeler le \u00ab\u00a0V\u00e9ritable Conseil de surveillance de Facebook\u00a0\u00bb (Real Facebook Oversight Board).<\/p>\n<p class=\"rtejustify\">\u00ab\u00a0Certains peuvent dire que c&rsquo;est une question de libert\u00e9 d&rsquo;expression. Ils ont tort\u00a0\u00bb, poursuit la missive. \u00ab\u00a0Donald Trump peut faire des interviews. Il peut aller sur Fox News. Il peut r\u00e9diger des articles d&rsquo;opinion ou envoyer des courriels\u00a0\u00bb, est-il remarqu\u00e9. \u00ab\u00a0Personne n&rsquo;a le +droit+ inh\u00e9rent d&rsquo;utiliser une plateforme de r\u00e9seaux sociaux pour r\u00e9pandre la d\u00e9sinformation et inciter \u00e0 la haine encore et encore ou faire amplifier son message par des algorithmes.\u00a0\u00bb Twitter, qui avait aussi d\u00e9cid\u00e9 de bannir Donald Trump de sa plateforme pour incitations r\u00e9p\u00e9t\u00e9es \u00e0 la violence, ne le laissera pas revenir m\u00eame s&rsquo;il devait \u00eatre de nouveau candidat \u00e0 la Maison Blanche.<\/p>\n<p class=\"rtejustify\">\u00ab\u00a0Selon nos r\u00e8gles, quand vous \u00eates \u00e9vinc\u00e9s de la plateforme, vous \u00eates \u00e9vinc\u00e9s de la plateforme, que vous soyez un commentateur, un directeur financier, ou un ancien ou actuel responsable politique\u00a0\u00bb, a justifi\u00e9 le directeur financier du groupe Ned Segal sur la cha\u00eene d&rsquo;informations financi\u00e8res CNBC mercredi.<\/p>\n<p class=\"rtejustify\">L&rsquo;ex-pr\u00e9sident fait actuellement face \u00e0 un proc\u00e8s en destitution au S\u00e9nat am\u00e9ricain o\u00f9 il est accus\u00e9 d'\u00a0\u00bbincitation \u00e0 l&rsquo;insurrection\u00a0\u00bb dans l&rsquo;assaut du Capitole. De nombreux ONG et \u00e9lus critiquent les r\u00e9seaux sociaux, o\u00f9 des mouvements violents ont pu s&rsquo;organiser depuis des ann\u00e9es, propager des fausses rumeurs et rallier de nombreux utilisateurs.<\/p>\n<p class=\"rtejustify\">\u00a0<\/p>\n<p>Auteur: mbasraoui<br \/>\n<a href=\"https:\/\/www.leconomiste.com\/flash-infos\/facebook-appele-ne-pas-reautoriser-trump\">Cliquez ici pour lire l&rsquo;article depuis sa source.<\/a><\/p>\n","protected":false},"excerpt":{"rendered":"<p>Une association particuli\u00e8rement critique \u00e0 l&rsquo;encontre de Facebook a appel\u00e9 vendredi le r\u00e9seau social, qui doit d\u00e9cider s&rsquo;il maintient ou non la suspension de Donald Trump, \u00e0 continuer \u00e0 bannir l&rsquo;ancien pr\u00e9sident am\u00e9ricain de la plateforme. Le conseil de surveillance ind\u00e9pendant du groupe re\u00e7oit jusqu&rsquo;\u00e0 ce vendredi des commentaires du public sur le sujet et [&hellip;]<\/p>\n","protected":false},"author":1763,"featured_media":0,"comment_status":"closed","ping_status":"closed","sticky":false,"template":"","format":"standard","meta":{"fifu_image_url":"","fifu_image_alt":"","footnotes":""},"categories":[78,54],"tags":[],"class_list":["post-111127","post","type-post","status-publish","format-standard","hentry","category-economie","category-maroc"],"_links":{"self":[{"href":"https:\/\/linitiative.ca\/International\/wp-json\/wp\/v2\/posts\/111127","targetHints":{"allow":["GET"]}}],"collection":[{"href":"https:\/\/linitiative.ca\/International\/wp-json\/wp\/v2\/posts"}],"about":[{"href":"https:\/\/linitiative.ca\/International\/wp-json\/wp\/v2\/types\/post"}],"author":[{"embeddable":true,"href":"https:\/\/linitiative.ca\/International\/wp-json\/wp\/v2\/users\/1763"}],"replies":[{"embeddable":true,"href":"https:\/\/linitiative.ca\/International\/wp-json\/wp\/v2\/comments?post=111127"}],"version-history":[{"count":0,"href":"https:\/\/linitiative.ca\/International\/wp-json\/wp\/v2\/posts\/111127\/revisions"}],"wp:attachment":[{"href":"https:\/\/linitiative.ca\/International\/wp-json\/wp\/v2\/media?parent=111127"}],"wp:term":[{"taxonomy":"category","embeddable":true,"href":"https:\/\/linitiative.ca\/International\/wp-json\/wp\/v2\/categories?post=111127"},{"taxonomy":"post_tag","embeddable":true,"href":"https:\/\/linitiative.ca\/International\/wp-json\/wp\/v2\/tags?post=111127"}],"curies":[{"name":"wp","href":"https:\/\/api.w.org\/{rel}","templated":true}]}}