{"id":111130,"date":"2021-02-12T11:30:00","date_gmt":"2021-02-12T16:30:00","guid":{"rendered":"https:\/\/linitiative.ca\/International\/cycle-angela-molina-goya-dhonneur-2021\/"},"modified":"2021-02-12T11:30:00","modified_gmt":"2021-02-12T16:30:00","slug":"cycle-angela-molina-goya-dhonneur-2021","status":"publish","type":"post","link":"https:\/\/linitiative.ca\/International\/cycle-angela-molina-goya-dhonneur-2021\/","title":{"rendered":"Cycle \u00ab Angela Molina \u00bb, Goya d\u2019Honneur 2021"},"content":{"rendered":"<p class=\"p1 c4\"><span class=\"c3\"><span class=\"c2\"><strong>Le Temps-Sayda Ben ZINEB<\/strong><\/span><\/span><\/p>\n<p class=\"p1 c4\"><span class=\"c3\"><span class=\"c2\"><strong>L&rsquo;Institut Cervant\u00e8s de Tunis programme un petit hommage \u00e0 l&rsquo;actrice espagnole Angela Molina, en signe d&rsquo;appr\u00e9ciation pour son talent exceptionnel et de gratitude pour son excellent parcours en faveur du 7\u00e8me Art<span class=\"Apple-converted-space\">\u00a0<\/span> espagnol.<\/strong><\/span><\/span><\/p>\n<p class=\"p1 c5\"><span class=\"c3\"><span class=\"c2\">A cette occasion, l\u2019Institut Cervant\u00e8s propose les vendredis 12, 17 et 26 f\u00e9vrier 2021, la projection en ligne<span class=\"Apple-converted-space\">\u00a0<\/span> \u00e0 partir de 20H00 et durant 48 heures, d\u2019un film de la com\u00e9dienne Angela Molina, en acc\u00e8s libre. Cette c\u00e9l\u00e8bre artiste qui vient de recevoir un Goya d\u2019Honneur pour l\u2019ensemble de sa carri\u00e8re, est une des actrices les plus importantes du cin\u00e9ma espagnol.<span class=\"Apple-converted-space\">\u00a0<\/span><\/span><\/span><\/p>\n<p class=\"p1 c5\"><span class=\"c3\"><span class=\"c2\">Fille de l&rsquo;acteur Antonio Molina, Angela Molina a fait ses d\u00e9buts dans la pi\u00e8ce de th\u00e9\u00e2tre \u00ab La maison de poup\u00e9e \u00bb. En 1974, l&rsquo;actrice se lance sur grand \u00e9cran avec \u00ab No mataras \u00bb. Elle n\u2019atteint cependant la notori\u00e9t\u00e9 que trois plus tard avec \u00ab Cet obscur objet du d\u00e9sir \u00bb de Luis Bunuel. Elle encha\u00eene les r\u00f4les sous la direction de grands r\u00e9alisateurs, dont Elio Petri, Marco Bellocchio, Luigi Comencini, les fr\u00e8res Taviani, ou encore Giuseppe Tornatore.<span class=\"Apple-converted-space\">\u00a0<\/span><\/span><\/span><\/p>\n<p class=\"p1 c5\"><span class=\"c3\"><span class=\"c2\">A partir des ann\u00e9es 1980, Angela Molina se lance \u00e0 la conqu\u00eate de nouveaux territoires avec le film fran\u00e7ais \u00ab Bras de fer \u00bb, et des films internationaux tels que : \u00ab 1492 : Christophe Colomb \u00bb en 1992, tout en jouant dans des productions espagnoles dont \u00ab En chair et en os \u00bb et \u00ab Etreintes bris\u00e9es \u00bb d&rsquo;Almodovar.<\/span><\/span><\/p>\n<p class=\"p1 c5\"><span class=\"c3\"><span class=\"c2\"><span class=\"Apple-converted-space\">\u00a0<\/span>Gr\u00e2ce \u00e0 une carri\u00e8re aussi brillante, l&rsquo;Acad\u00e9mie des Arts et des Sciences du Cin\u00e9ma lui d\u00e9cerne<span class=\"Apple-converted-space\">\u00a0<\/span> le Prix d&rsquo;honneur Goya dans son actuelle \u00e9dition.<span class=\"Apple-converted-space\">\u00a0<\/span><\/span><\/span><\/p>\n<p class=\"p1 c5\"><span class=\"c3\"><span class=\"c2\">Ainsi, \u00e0 partir de ce vendredi 12 f\u00e9vrier \u00e0 20h, et jusqu\u2019\u00e0 dimanche soir en se rendant sur le site de l\u2019Institut Cervant\u00e8s, on pourra voir en acc\u00e8s libre, via un canal Vim\u00e9o, \u00ab La Sabina \u00bb. Ce film r\u00e9alis\u00e9 en 1979 par Jos\u00e9 Luis Borau, est une adaptation de \u00ab Carmen \u00bb qui se d\u00e9roule dans un petit village andalou\u2026<\/span><\/span><\/p>\n<p class=\"p1 c5\"><span class=\"c3\"><span class=\"c2\">Du vendredi 19 au dimanche 21 f\u00e9vrier, place \u00e0 \u00ab L\u2019autre moiti\u00e9 du ciel \u00bb. R\u00e9alis\u00e9 en 1986 par Manuel Gutierrez Aragon, ce film raconte l\u2019histoire de Rosa, une paysanne qui va quitter le nord de l\u2019Espagne pour s\u2019installer dans la capitale et qui deviendra l\u2019une des plus importantes restauratrices madril\u00e8nes de l\u2019apr\u00e8s-guerre\u2026<\/span><\/span><\/p>\n<p class=\"p1 c5\"><span class=\"c3\"><span class=\"c2\">Enfin, le dernier week-end du mois (du 26 au 28 f\u00e9vrier), on projettera le<span class=\"Apple-converted-space\">\u00a0<\/span> film \u00ab Les choses de l\u2019amour \u00bb. Cette com\u00e9die musicale r\u00e9alis\u00e9e en 1989 par Jaime Chavarri, embarque le spectateur dans le monde de la musique des ann\u00e9es d\u2019apr\u00e8s &#8211; guerre.<span class=\"Apple-converted-space\">\u00a0<\/span> Rappelons que tous les titres seront disponibles sur la cha\u00eene Vimeo de l\u2019Institut<span class=\"Apple-converted-space\">\u00a0<\/span> Cervant\u00e8s pendant 48 heures, \u00e0 partir de 20h00 des dates indiqu\u00e9es.<span class=\"Apple-converted-space\">\u00a0<\/span><\/span><\/span><\/p>\n<p class=\"p1 c4\">\u00a0<\/p>\n<p class=\"p2 c6\"><span class=\"c3\"><span class=\"c2\"><strong>S.B.Z<\/strong><\/span><\/span><\/p>\n<p>Auteur: letemps1<br \/>\n<a href=\"http:\/\/www.letemps.com.tn\/article\/119247\/cycle-%C2%AB-angela-molina-%C2%BB-goya-d%E2%80%99honneur-2021\">Cliquez ici pour lire l&rsquo;article depuis sa source.<\/a><\/p>\n","protected":false},"excerpt":{"rendered":"<p>Le Temps-Sayda Ben ZINEB L&rsquo;Institut Cervant\u00e8s de Tunis programme un petit hommage \u00e0 l&rsquo;actrice espagnole Angela Molina, en signe d&rsquo;appr\u00e9ciation pour son talent exceptionnel et de gratitude pour son excellent parcours en faveur du 7\u00e8me Art\u00a0 espagnol. A cette occasion, l\u2019Institut Cervant\u00e8s propose les vendredis 12, 17 et 26 f\u00e9vrier 2021, la projection en ligne\u00a0 [&hellip;]<\/p>\n","protected":false},"author":1773,"featured_media":0,"comment_status":"closed","ping_status":"closed","sticky":false,"template":"","format":"standard","meta":{"fifu_image_url":"","fifu_image_alt":"","footnotes":""},"categories":[73,55],"tags":[],"class_list":["post-111130","post","type-post","status-publish","format-standard","hentry","category-actualite","category-tunisie"],"_links":{"self":[{"href":"https:\/\/linitiative.ca\/International\/wp-json\/wp\/v2\/posts\/111130","targetHints":{"allow":["GET"]}}],"collection":[{"href":"https:\/\/linitiative.ca\/International\/wp-json\/wp\/v2\/posts"}],"about":[{"href":"https:\/\/linitiative.ca\/International\/wp-json\/wp\/v2\/types\/post"}],"author":[{"embeddable":true,"href":"https:\/\/linitiative.ca\/International\/wp-json\/wp\/v2\/users\/1773"}],"replies":[{"embeddable":true,"href":"https:\/\/linitiative.ca\/International\/wp-json\/wp\/v2\/comments?post=111130"}],"version-history":[{"count":0,"href":"https:\/\/linitiative.ca\/International\/wp-json\/wp\/v2\/posts\/111130\/revisions"}],"wp:attachment":[{"href":"https:\/\/linitiative.ca\/International\/wp-json\/wp\/v2\/media?parent=111130"}],"wp:term":[{"taxonomy":"category","embeddable":true,"href":"https:\/\/linitiative.ca\/International\/wp-json\/wp\/v2\/categories?post=111130"},{"taxonomy":"post_tag","embeddable":true,"href":"https:\/\/linitiative.ca\/International\/wp-json\/wp\/v2\/tags?post=111130"}],"curies":[{"name":"wp","href":"https:\/\/api.w.org\/{rel}","templated":true}]}}