{"id":111131,"date":"2021-02-12T11:30:00","date_gmt":"2021-02-12T16:30:00","guid":{"rendered":"https:\/\/linitiative.ca\/International\/le-senegal-mene-une-vaste-operation-militaire-en-casamance\/"},"modified":"2021-02-12T11:30:00","modified_gmt":"2021-02-12T16:30:00","slug":"le-senegal-mene-une-vaste-operation-militaire-en-casamance","status":"publish","type":"post","link":"https:\/\/linitiative.ca\/International\/le-senegal-mene-une-vaste-operation-militaire-en-casamance\/","title":{"rendered":"Le S\u00e9n\u00e9gal m\u00e8ne une vaste  op\u00e9ration militaire en Casamance"},"content":{"rendered":"<p class=\"p1 c5\"><span class=\"c4\"><span class=\"c3\"><span class=\"s1 c2\"><strong>Le Temps- Agences-<\/strong><\/span> <strong>Des abris de bois et de t\u00f4les, des bunkers \u00e0 moiti\u00e9 enterr\u00e9s cach\u00e9s sous les grands arbres de la for\u00eat, et tout autour, des zones calcin\u00e9es. Voil\u00e0 ce qu&rsquo;il reste de ces campements qui selon l&rsquo;arm\u00e9e abritaient des combattants du Mouvement des forces d\u00e9mocratiques de Casamance (MFDC).<\/strong><\/span><\/span><\/p>\n<p class=\"p1 c6\"><span class=\"c4\"><span class=\"c3\">Les forces s\u00e9n\u00e9galaises ont dit avoir saisi des mortiers, des lance-roquettes, des fusils et des motos, qu&rsquo;ils ont montr\u00e9s \u00e0 la presse. C&rsquo;est un conflit oubli\u00e9, vieux de pr\u00e8s de quarante ann\u00e9es, qui refait brusquement surface. Le mouvement ind\u00e9pendantiste de Casamance, r\u00e9gion du sud du S\u00e9n\u00e9gal, est apparu \u00e0 la fin de 1982. Malgr\u00e9 la signature d&rsquo;un accord de paix entre Dakar et le MFDC en d\u00e9cembre 2004, les accrochages se sont multipli\u00e9s, entretenant une situation d\u00e9l\u00e9t\u00e8re de \u00ab\u00a0ni guerre, ni paix\u00a0\u00bb dans la r\u00e9gion.<\/span><\/span><\/p>\n<p class=\"p2 c7\">\u00a0<\/p>\n<p class=\"p3 c8\"><span class=\"c4\"><span class=\"c3\"><strong>Trois bases d\u00e9mantel\u00e9es<\/strong><\/span><\/span><\/p>\n<p class=\"p1 c6\"><span class=\"c4\"><span class=\"c3\">Depuis le 26 janvier 2021, l&rsquo;arm\u00e9e s\u00e9n\u00e9galaise a lanc\u00e9 une vaste op\u00e9ration pour venir \u00e0 bout des derni\u00e8res places fortes du mouvement casaman\u00e7ais. Trois de ses bases ont \u00e9t\u00e9 attaqu\u00e9es dans le secteur de Sikoum et de la for\u00eat de Blaze. Une r\u00e9gion situ\u00e9e \u00e0 l&rsquo;extr\u00eame sud du S\u00e9n\u00e9gal, \u00e0 la fronti\u00e8re de la Guin\u00e9e-Bissau. L&rsquo;aviation et l&rsquo;artillerie ont \u00e9t\u00e9 mises \u00e0 contribution, faisant fuir les rebelles.<\/span><\/span><\/p>\n<p class=\"p1 c6\"><span class=\"c4\"><span class=\"c3\">Aucun bilan des pertes n&rsquo;a \u00e9t\u00e9 fourni par Dakar, mais selon des journalistes qui ont \u00e9t\u00e9 autoris\u00e9s \u00e0 se rendre sur place, ces bases \u00e9taient relativement intactes. On ignore \u00e9galement le nombre de ces combattants rebelles et vers o\u00f9 ils ont fui, l&rsquo;arm\u00e9e s\u00e9n\u00e9galaise reconna\u00eet qu&rsquo;il existe encore d&rsquo;autres bases de ce type.<\/span><\/span><\/p>\n<p class=\"p2 c7\">\u00a0<\/p>\n<p class=\"p3 c8\"><span class=\"c4\"><span class=\"c3\"><strong>Un mouvement rebelle<span class=\"Apple-converted-space\">\u00a0<\/span><\/strong><\/span><\/span><\/p>\n<p class=\"p3 c8\"><span class=\"c4\"><span class=\"c3\"><strong>en perte de vitesse<\/strong><\/span><\/span><\/p>\n<p class=\"p1 c6\"><span class=\"c4\"><span class=\"c3\">Mais l&rsquo;heure est semble-t-il venue pour Dakar de r\u00e9tablir son autorit\u00e9 dans la r\u00e9gion. Cette vaste op\u00e9ration de reprise en main s&rsquo;explique par l&rsquo;affaiblissement du mouvement rebelle, rendant d\u00e9sormais possible une op\u00e9ration militaire d\u00e9cisive. Depuis l&rsquo;accord de 2004, la paix ne s&rsquo;est jamais r\u00e9ellement install\u00e9e. Le MFDC s&rsquo;est fractionn\u00e9 entre faucons et colombes, et les tensions sont devenues vives entre factions. L&rsquo;un des chefs, Abdou Elinkine Diatta, a m\u00eame \u00e9t\u00e9 assassin\u00e9, probablement par un groupe rival qui le jugeait trop tendre, en octobre 2019.<\/span><\/span><\/p>\n<p class=\"p1 c6\"><span class=\"c4\"><span class=\"c3\">A l&rsquo;\u00e9poque, les observateurs y voyaient d\u00e9j\u00e0 un signe de la perte de vitesse du mouvement rebelle. D&rsquo;ailleurs aujourd&rsquo;hui, suite \u00e0 l&rsquo;op\u00e9ration militaire, un chef d&rsquo;une base rebelle, Fatouma Coly, a appel\u00e9 \u00e0 un cessez-le-feu, \u00ab\u00a0fid\u00e8le \u00e0 ses engagements de vouloir r\u00e9gler le conflit casaman\u00e7ais par le dialogue et la n\u00e9gociation\u00a0\u00bb.<\/span><\/span><\/p>\n<p class=\"p2 c7\">\u00a0<\/p>\n<p class=\"p3 c8\"><span class=\"c4\"><span class=\"c3\"><strong>Un contexte<span class=\"Apple-converted-space\">\u00a0<\/span><\/strong><\/span><\/span><\/p>\n<p class=\"p3 c8\"><span class=\"c4\"><span class=\"c3\"><strong>r\u00e9gional favorable<\/strong><\/span><\/span><\/p>\n<p class=\"p1 c6\"><span class=\"c4\"><span class=\"c3\">L&rsquo;op\u00e9ration a aussi \u00e9t\u00e9 rendue possible gr\u00e2ce au r\u00e9chauffement diplomatique entre le S\u00e9n\u00e9gal et la Guin\u00e9e-Bissau. Longtemps les relations diplomatiques ont \u00e9t\u00e9 ex\u00e9crables entre les deux pays, chacun recherchant le leadership de la r\u00e9gion. De plus, un conflit frontalier pour une zone potentiellement riche en p\u00e9trole a conduit les deux pays devant les tribunaux internationaux.<\/span><\/span><\/p>\n<p class=\"p1 c5\">\u00a0<\/p>\n<p class=\"p1 c6\"><span class=\"c4\"><span class=\"c3\">La Casamance et la Guin\u00e9e-Bissau partagent groupes ethniques et m\u00eames croyances. Est-ce par empathie ou pour fragiliser le voisin s\u00e9n\u00e9galais ? En tout cas, Bissau a soutenu la r\u00e9bellion, lui fournissant des armes et une zone de repli. Mais au fil du temps, les relations se sont normalis\u00e9es. Aujourd&rsquo;hui, Dakar assure avoir le soutien de son voisin pour mener son op\u00e9ration militaire en Casamance.<\/span><\/span><\/p>\n<p>Auteur: letemps1<br \/>\n<a href=\"http:\/\/www.letemps.com.tn\/article\/119248\/le-s%C3%A9n%C3%A9gal-m%C3%A8ne-une-vaste-op%C3%A9ration-militaire-en-casamance\">Cliquez ici pour lire l&rsquo;article depuis sa source.<\/a><\/p>\n","protected":false},"excerpt":{"rendered":"<p>Le Temps- Agences- Des abris de bois et de t\u00f4les, des bunkers \u00e0 moiti\u00e9 enterr\u00e9s cach\u00e9s sous les grands arbres de la for\u00eat, et tout autour, des zones calcin\u00e9es. Voil\u00e0 ce qu&rsquo;il reste de ces campements qui selon l&rsquo;arm\u00e9e abritaient des combattants du Mouvement des forces d\u00e9mocratiques de Casamance (MFDC). Les forces s\u00e9n\u00e9galaises ont dit [&hellip;]<\/p>\n","protected":false},"author":1773,"featured_media":0,"comment_status":"closed","ping_status":"closed","sticky":false,"template":"","format":"standard","meta":{"fifu_image_url":"","fifu_image_alt":"","footnotes":""},"categories":[73,55],"tags":[],"class_list":["post-111131","post","type-post","status-publish","format-standard","hentry","category-actualite","category-tunisie"],"_links":{"self":[{"href":"https:\/\/linitiative.ca\/International\/wp-json\/wp\/v2\/posts\/111131","targetHints":{"allow":["GET"]}}],"collection":[{"href":"https:\/\/linitiative.ca\/International\/wp-json\/wp\/v2\/posts"}],"about":[{"href":"https:\/\/linitiative.ca\/International\/wp-json\/wp\/v2\/types\/post"}],"author":[{"embeddable":true,"href":"https:\/\/linitiative.ca\/International\/wp-json\/wp\/v2\/users\/1773"}],"replies":[{"embeddable":true,"href":"https:\/\/linitiative.ca\/International\/wp-json\/wp\/v2\/comments?post=111131"}],"version-history":[{"count":0,"href":"https:\/\/linitiative.ca\/International\/wp-json\/wp\/v2\/posts\/111131\/revisions"}],"wp:attachment":[{"href":"https:\/\/linitiative.ca\/International\/wp-json\/wp\/v2\/media?parent=111131"}],"wp:term":[{"taxonomy":"category","embeddable":true,"href":"https:\/\/linitiative.ca\/International\/wp-json\/wp\/v2\/categories?post=111131"},{"taxonomy":"post_tag","embeddable":true,"href":"https:\/\/linitiative.ca\/International\/wp-json\/wp\/v2\/tags?post=111131"}],"curies":[{"name":"wp","href":"https:\/\/api.w.org\/{rel}","templated":true}]}}