{"id":111133,"date":"2021-02-12T11:30:00","date_gmt":"2021-02-12T16:30:00","guid":{"rendered":"https:\/\/linitiative.ca\/International\/les-pays-bas-la-suede-et-lallemagne-touches-par-la-vague-de-froid\/"},"modified":"2021-02-12T11:30:00","modified_gmt":"2021-02-12T16:30:00","slug":"les-pays-bas-la-suede-et-lallemagne-touches-par-la-vague-de-froid","status":"publish","type":"post","link":"https:\/\/linitiative.ca\/International\/les-pays-bas-la-suede-et-lallemagne-touches-par-la-vague-de-froid\/","title":{"rendered":"Les Pays-Bas, la Su\u00e8de et l&rsquo;Allemagne  touch\u00e9s par la vague de froid"},"content":{"rendered":"<p class=\"p1 c5\"><span class=\"c4\"><span class=\"c3\"><span class=\"s1 c2\"><strong>Le Temps-Agences-<\/strong><\/span> <strong>La vague de froid qui touche le nord de l\u2019Europe depuis dimanche 7 f\u00e9vrier a provoqu\u00e9 aux Pays-Bas une temp\u00eate de neige comme il ne s\u2019en \u00e9tait plus vu depuis dix ans. Baptis\u00e9e Darcy par les m\u00e9t\u00e9orologues, elle a caus\u00e9 de graves perturbations \u00e0 travers tout le pays, avec une temp\u00e9rature minimale relev\u00e9e lundi de -16,2\u00b0C et certaines r\u00e9gions ont eu jusqu\u2019\u00e0 de 30 cm de neige. \u00c0 tel point que l\u2019agence m\u00e9t\u00e9o n\u00e9erlandaise a activ\u00e9 un code rouge national pour la premi\u00e8re fois depuis 2012.<\/strong><\/span><\/span><\/p>\n<p class=\"p1 c6\"><span class=\"c4\"><span class=\"c3\">Les temp\u00e9ratures sont d\u00e9sormais stabilis\u00e9es autour de -5\u00b0C la journ\u00e9e et -11\u00b0C la nuit. Les routes restent dangereuses, mais moins que dimanche et lundi, o\u00f9 la neige a caus\u00e9 450 accidents, dont beaucoup de sorties de route. \u00c0 part en direction de l\u2019Allemagne, tous les trains avaient \u00e9t\u00e9 suspendus, ainsi que beaucoup de tramways, apr\u00e8s le d\u00e9raillement d\u2019un tram \u00e0 La Haye. Les transports ferroviaires restent perturb\u00e9s. Le trafic a par ailleurs \u00e9t\u00e9 interrompu \u00e0 l\u2019a\u00e9roport d\u2019Eindhoven, ainsi que sur une autoroute. Des centres de vaccination ont d\u00fb fermer et des dizaines d\u2019\u00e9coles ont gard\u00e9 portes closes lundi, alors que toutes devaient rouvrir apr\u00e8s deux mois de fermeture pour cause de pand\u00e9mie.<\/span><\/span><\/p>\n<p class=\"p1 c6\"><span class=\"c4\"><span class=\"c3\">Malgr\u00e9 toutes ces perturbations \u00e0 travers l\u2019ensemble des Pays-Bas, cette vague de froid est paradoxalement une bonne nouvelle pour les N\u00e9erlandais. Qui dit froid dit glace, et qui dit glace dit patin. L\u2019espoir de tout le royaume est d\u00e9sormais que g\u00e8lent les canaux, ce qui ne s\u2019est pas produit depuis trois ans. C\u2019est si important pour les Bataves que le Premier ministre Mark Rutte a m\u00eame annonc\u00e9 que le patinage pourrait \u00eatre autoris\u00e9 si la glace est assez \u00e9paisse.<\/span><\/span><\/p>\n<p class=\"p1 c6\"><span class=\"c4\"><span class=\"c3\">Ce que certains esp\u00e8rent par-dessus tout, c\u2019est que g\u00e8lent aussi les lacs, les rivi\u00e8res et m\u00eame, qui sait, la mer int\u00e9rieure du Zuyderz\u00e9e. Ceci cr\u00e9erait les conditions pour que se tienne l\u2019\u00e9v\u00e9nement le plus mythique des Pays-Bas, la Elfstedentocht, le tour des onze villes frisonnes, une course d\u2019endurance \u00e0 laquelle m\u00eame le roi Guillaume-Alexandre a particip\u00e9. Elle ne s\u2019est plus tenue depuis 24 ans, faute de glace suffisante. Les autorit\u00e9s envisagent de l\u2019interdire pour cause de pand\u00e9mie de Covid-19 et pour les N\u00e9erlandais, apr\u00e8s la vague de froid, ce serait la douche froide.<\/span><\/span><\/p>\n<p class=\"p1 c6\"><span class=\"c4\"><span class=\"c3\">Tout cela est plut\u00f4t embarrassant pour un pays qui vise la neutralit\u00e9 carbone pour 2045. Mais comme l\u2019explique l\u2019expert en \u00e9nergie Magnus Thorstensson, le fait que la Su\u00e8de soit globalement un exportateur d\u2019\u00e9lectricit\u00e9 n\u2019emp\u00eache pas les risques ponctuels de p\u00e9nurie : \u00ab\u00a0En Su\u00e8de, la part de l\u2019\u00e9lectricit\u00e9 dont on ne peut pas planifier la production \u2013 l\u2019\u00e9olien \u2013 augmente alors que l\u2019\u00e9lectricit\u00e9 que l\u2019on peut planifier \u2013 le nucl\u00e9aire \u2013 se r\u00e9duit. Les politiques pensent que la fermeture de r\u00e9acteurs nucl\u00e9aires est la solution miracle&#8230; Mais \u00e7a peut nous amener \u00e0 un vrai d\u00e9ficit.\u00a0\u00bb Ce nucl\u00e9aire ne repr\u00e9sente plus que 30% de la production d\u2019\u00e9lectricit\u00e9 en Su\u00e8de.<\/span><\/span><\/p>\n<p class=\"p1 c6\"><span class=\"c4\"><span class=\"c3\">Le d\u00e9bat porte sur la sortie ou non du nucl\u00e9aire, car au-del\u00e0 des positions id\u00e9ologiques, il y a aussi une r\u00e9alit\u00e9 tr\u00e8s pragmatique. Comme le disait Magnus Thorstensson, l\u2019avantage du nucl\u00e9aire, c\u2019est que l\u2019on peut compter dessus quelles que soient les conditions. Cet hiver, c\u2019est le froid persistant qui a contraint la Su\u00e8de \u00e0 acheter de l\u2019\u00e9lectricit\u00e9 issue des \u00e9nergies fossiles, mais on n\u2019a pas atteint \u2013 pas encore \u2013 des temp\u00e9ratures record. Si c\u2019\u00e9tait le cas, la Su\u00e8de pourrait se voir contrainte de plonger dans le noir certaines parties du pays.<\/span><\/span><\/p>\n<p class=\"p1 c6\"><span class=\"c4\"><span class=\"c3\">En Allemagne, la situation se d\u00e9tend lentement, mercredi 10 f\u00e9vrier, sur le front des intemp\u00e9ries. Plusieurs centaines d&rsquo;automobilistes avaient d\u00fb passer la nuit de lundi \u00e0 mardi dans leur v\u00e9hicule, par -10\u00b0C, bloqu\u00e9s par la neige pr\u00e8s de Bielefeld, dans le nord-ouest du pays. Les services techniques avaient \u00e9t\u00e9 oblig\u00e9s de distribuer couvertures et boissons chaudes \u00e0 des automobilistes transis dans leur voiture. Plusieurs camions s&rsquo;\u00e9taient mis en travers de la route, provoquant des embouteillages de 30 km dans les deux sens sur l&rsquo;autoroute A2, pr\u00e8s de Bielefeld.<\/span><\/span><\/p>\n<p class=\"p1 c6\"><span class=\"c4\"><span class=\"c3\">Le ministre des Transports avait appel\u00e9 les automobilistes \u00e0 laisser leur voiture au garage jusqu&rsquo;\u00e0 mercredi. Il a cess\u00e9 de neiger dans la plupart du pays. Mais le froid persiste, avec jusqu&rsquo;\u00e0 -20\u00b0C la nuit, au moins jusqu&rsquo;au week-end, poussant plusieurs villes, dont Francfort, \u00e0 augmenter leurs capacit\u00e9s d&rsquo;h\u00e9bergement pour les sans-abri.<\/span><\/span><\/p>\n<p class=\"p1 c5\">\u00a0<\/p>\n<p class=\"p1 c6\"><span class=\"c4\"><span class=\"c3\">Mais la neige fait aussi des heureux : tous ceux qui n&rsquo;ont pas pu partir au ski cette ann\u00e9e, puisque les stations allemandes en raison du Covid-19 sont ferm\u00e9es et que les stations autrichiennes n&rsquo;accueillent pas de touristes. Tous ces d\u00e9\u00e7us des sports d&rsquo;hiver ont remont\u00e9 leurs spatules de la cave. \u00c0 Berlin, on fait du ski de fond dans les parcs et for\u00eats, de la luge sur la moindre pente ou colline. Les amoureux des bains glac\u00e9s, plus nombreux que jamais cette ann\u00e9e, partagent les trous dans la glace des lacs avec canards et cygnes.<\/span><\/span><\/p>\n<p>Auteur: letemps1<br \/>\n<a href=\"http:\/\/www.letemps.com.tn\/article\/119250\/les-pays-bas-la-su%C3%A8de-et-lallemagne-touch%C3%A9s-par-la-vague-de-froid\">Cliquez ici pour lire l&rsquo;article depuis sa source.<\/a><\/p>\n","protected":false},"excerpt":{"rendered":"<p>Le Temps-Agences- La vague de froid qui touche le nord de l\u2019Europe depuis dimanche 7 f\u00e9vrier a provoqu\u00e9 aux Pays-Bas une temp\u00eate de neige comme il ne s\u2019en \u00e9tait plus vu depuis dix ans. Baptis\u00e9e Darcy par les m\u00e9t\u00e9orologues, elle a caus\u00e9 de graves perturbations \u00e0 travers tout le pays, avec une temp\u00e9rature minimale relev\u00e9e [&hellip;]<\/p>\n","protected":false},"author":1773,"featured_media":0,"comment_status":"closed","ping_status":"closed","sticky":false,"template":"","format":"standard","meta":{"fifu_image_url":"","fifu_image_alt":"","footnotes":""},"categories":[73,55],"tags":[],"class_list":["post-111133","post","type-post","status-publish","format-standard","hentry","category-actualite","category-tunisie"],"_links":{"self":[{"href":"https:\/\/linitiative.ca\/International\/wp-json\/wp\/v2\/posts\/111133","targetHints":{"allow":["GET"]}}],"collection":[{"href":"https:\/\/linitiative.ca\/International\/wp-json\/wp\/v2\/posts"}],"about":[{"href":"https:\/\/linitiative.ca\/International\/wp-json\/wp\/v2\/types\/post"}],"author":[{"embeddable":true,"href":"https:\/\/linitiative.ca\/International\/wp-json\/wp\/v2\/users\/1773"}],"replies":[{"embeddable":true,"href":"https:\/\/linitiative.ca\/International\/wp-json\/wp\/v2\/comments?post=111133"}],"version-history":[{"count":0,"href":"https:\/\/linitiative.ca\/International\/wp-json\/wp\/v2\/posts\/111133\/revisions"}],"wp:attachment":[{"href":"https:\/\/linitiative.ca\/International\/wp-json\/wp\/v2\/media?parent=111133"}],"wp:term":[{"taxonomy":"category","embeddable":true,"href":"https:\/\/linitiative.ca\/International\/wp-json\/wp\/v2\/categories?post=111133"},{"taxonomy":"post_tag","embeddable":true,"href":"https:\/\/linitiative.ca\/International\/wp-json\/wp\/v2\/tags?post=111133"}],"curies":[{"name":"wp","href":"https:\/\/api.w.org\/{rel}","templated":true}]}}