{"id":111134,"date":"2021-02-12T15:30:53","date_gmt":"2021-02-12T20:30:53","guid":{"rendered":"https:\/\/linitiative.ca\/International\/pros-slimani-a-lyon-je-me-sens-comme-en-algerie\/"},"modified":"2021-02-12T15:30:53","modified_gmt":"2021-02-12T20:30:53","slug":"pros-slimani-a-lyon-je-me-sens-comme-en-algerie","status":"publish","type":"post","link":"https:\/\/linitiative.ca\/International\/pros-slimani-a-lyon-je-me-sens-comme-en-algerie\/","title":{"rendered":"Pros : Slimani : \u00abA Lyon, je me sens comme en Alg\u00e9rie\u00bb"},"content":{"rendered":"<div readability=\"32\">\n<p>Auteur : <span>Riad O.<\/span> <span class=\"time\">vendredi 12 f\u00e9vrier 2021 14:30<\/span><\/p>\n<\/div>\n<div id=\"post_core\" readability=\"40\">\n<p>Pr\u00e9sent ce vendredi en conf\u00e9rence de presse, l&rsquo;attaquant Alg\u00e9rien de l\u2019Olympique Lyonnais, Islam Slimani a \u00e9voqu\u00e9 son adaptation \u00e0 Lyon, o\u00f9 il a vite trouv\u00e9 ses marques\u00a0:\u00a0\u00abJe me sens comme en Alg\u00e9rie. Je ne suis pas d\u00e9pays\u00e9, je suis dans une ville o\u00f9 il y a beaucoup d&rsquo;Alg\u00e9riens, d&rsquo;Arabes. Ca m&rsquo;aide beaucoup \u00e7a.\u00bb<\/p>\n<p><span class=\"c1\"><strong>Riad O.<\/strong><\/span><\/p>\n<p><strong>Publi\u00e9 dans :<\/strong> <span>slimani<\/span><\/p>\n<\/div>\n<p>Auteur:<br \/>\n<a href=\"http:\/\/www.lebuteur.com\/article\/detail?titre=slimani-a-lyon-je-me-sens-comme-en-algerie&#038;id=99041&#038;utm_source=feedburner&#038;utm_medium=feed&#038;utm_campaign=Feed%3A+GalerieFArtciles+%28Les+derniers+articles++-+lebuteur.com%29\">Cliquez ici pour lire l&rsquo;article depuis sa source.<\/a><\/p>\n","protected":false},"excerpt":{"rendered":"<p>Auteur : Riad O. vendredi 12 f\u00e9vrier 2021 14:30 Pr\u00e9sent ce vendredi en conf\u00e9rence de presse, l&rsquo;attaquant Alg\u00e9rien de l\u2019Olympique Lyonnais, Islam Slimani a \u00e9voqu\u00e9 son adaptation \u00e0 Lyon, o\u00f9 il a vite trouv\u00e9 ses marques\u00a0:\u00a0\u00abJe me sens comme en Alg\u00e9rie. Je ne suis pas d\u00e9pays\u00e9, je suis dans une ville o\u00f9 il y a [&hellip;]<\/p>\n","protected":false},"author":1738,"featured_media":0,"comment_status":"closed","ping_status":"closed","sticky":false,"template":"","format":"standard","meta":{"fifu_image_url":"\/\/cdn.lebuteur.com\/data\/images\/article\/thumbs\/large-slimani-a-lyon-je-me-sens-comme-en-algerie-3d5db.jpg","fifu_image_alt":"Pros : Slimani : \u00abA Lyon, je me sens comme en Alg\u00e9rie\u00bb","footnotes":""},"categories":[53,75],"tags":[],"class_list":["post-111134","post","type-post","status-publish","format-standard","hentry","category-algerie","category-sport"],"_links":{"self":[{"href":"https:\/\/linitiative.ca\/International\/wp-json\/wp\/v2\/posts\/111134","targetHints":{"allow":["GET"]}}],"collection":[{"href":"https:\/\/linitiative.ca\/International\/wp-json\/wp\/v2\/posts"}],"about":[{"href":"https:\/\/linitiative.ca\/International\/wp-json\/wp\/v2\/types\/post"}],"author":[{"embeddable":true,"href":"https:\/\/linitiative.ca\/International\/wp-json\/wp\/v2\/users\/1738"}],"replies":[{"embeddable":true,"href":"https:\/\/linitiative.ca\/International\/wp-json\/wp\/v2\/comments?post=111134"}],"version-history":[{"count":0,"href":"https:\/\/linitiative.ca\/International\/wp-json\/wp\/v2\/posts\/111134\/revisions"}],"wp:attachment":[{"href":"https:\/\/linitiative.ca\/International\/wp-json\/wp\/v2\/media?parent=111134"}],"wp:term":[{"taxonomy":"category","embeddable":true,"href":"https:\/\/linitiative.ca\/International\/wp-json\/wp\/v2\/categories?post=111134"},{"taxonomy":"post_tag","embeddable":true,"href":"https:\/\/linitiative.ca\/International\/wp-json\/wp\/v2\/tags?post=111134"}],"curies":[{"name":"wp","href":"https:\/\/api.w.org\/{rel}","templated":true}]}}